{"id":6739,"date":"2026-03-06T15:27:07","date_gmt":"2026-03-06T14:27:07","guid":{"rendered":"https:\/\/www.crec.cat\/el-crec-lidera-la-tercera-jornada-del-proyecto-sintec-para-avanzar-en-nuevas-sinergias-de-economia-circular\/"},"modified":"2026-03-06T15:27:07","modified_gmt":"2026-03-06T14:27:07","slug":"el-crec-lidera-la-tercera-jornada-del-proyecto-sintec-para-avanzar-en-nuevas-sinergias-de-economia-circular","status":"publish","type":"post","link":"https:\/\/www.crec.cat\/es\/el-crec-lidera-la-tercera-jornada-del-proyecto-sintec-para-avanzar-en-nuevas-sinergias-de-economia-circular\/","title":{"rendered":"El CREC lidera la tercera jornada del proyecto SINTEC para avanzar en nuevas sinergias de econom\u00eda circular."},"content":{"rendered":"<p>El pasado 5 de marzo se celebr\u00f3 en Barcelona Circular (BAC) la tercera jornada del proyecto SINTEC \u2013 Sinergias Intersectoriales para la Econom\u00eda Circular, una iniciativa colaborativa liderada por el CREC &#8211; Cl\u00faster de Residuos de Catalu\u00f1a junto con el Cl\u00faster de Materiales Avanzados de Catalu\u00f1a (MAV), T\u00e8xtils.CAT y el Packaging Cluster.<\/p>\n<p>La sesi\u00f3n reuni\u00f3 a empresas, centros tecnol\u00f3gicos y agentes de distintos sectores industriales con el objetivo de identificar oportunidades de simbiosis industrial y avanzar en el desarrollo de modelos de negocio circulares a partir de residuos de textil t\u00e9cnico con alta carga polim\u00e9rica.<\/p>\n<hr \/>\n<h3>Un proyecto para conectar sectores y transformar residuos en recursos<\/h3>\n<p>El proyecto SINTEC nace con la voluntad de promover la colaboraci\u00f3n entre sectores industriales tradicionalmente poco conectados, como el textil, los materiales avanzados, el packaging y la gesti\u00f3n de residuos. Este enfoque intersectorial permite explorar nuevas v\u00edas para valorizar residuos y subproductos y convertirlos en recursos con valor a\u00f1adido para otras industrias.<\/p>\n<p>Uno de los principales retos que aborda el proyecto es la circularidad de los residuos del textil t\u00e9cnico, especialmente aquellos que contienen materiales polim\u00e9ricos complejos y que actualmente presentan dificultades de reciclaje y reutilizaci\u00f3n. El objetivo es estudiar y activar nuevas v\u00edas de valorizaci\u00f3n para reincorporar estos materiales en nuevas aplicaciones industriales, como el sector del envase y embalaje.<\/p>\n<h3>Una jornada centrada en la cocreaci\u00f3n y las oportunidades de colaboraci\u00f3n<\/h3>\n<p>Durante la jornada, los participantes trabajaron en una din\u00e1mica de cocreaci\u00f3n intersectorial dinamizada por TeamLabs\/, que permiti\u00f3 compartir conocimiento, experiencias y necesidades entre empresas y entidades de los distintos cl\u00fasteres implicados.<\/p>\n<p>A trav\u00e9s de este trabajo colaborativo, se analizaron aspectos como:<\/p>\n<ul>\n<li>Las tipolog\u00edas de residuos polim\u00e9ricos disponibles en diferentes sectores.<\/li>\n<li>Los retos t\u00e9cnicos y econ\u00f3micos asociados a su valorizaci\u00f3n.<\/li>\n<li>Las posibilidades de incorporar estos materiales en nuevos productos o procesos industriales.<\/li>\n<li>La identificaci\u00f3n de nuevas oportunidades de I+D+i y proyectos colaborativos.<\/li>\n<\/ul>\n<p>Este ejercicio permiti\u00f3 detectar nuevas sinergias industriales y posibles l\u00edneas de desarrollo de prototipos y proyectos piloto entre empresas de diferentes sectores.<\/p>\n<h3>Avanzando hacia nuevos modelos de simbiosis industrial<\/h3>\n<p>La tercera jornada del proyecto ha representado un paso importante para concretar las oportunidades identificadas en sesiones anteriores y empezar a definir proyectos concretos de colaboraci\u00f3n entre empresas de los cl\u00fasteres participantes.<\/p>\n<p>Este proceso forma parte de un itinerario de trabajo iniciado en mayo de 2025, que combina jornadas t\u00e9cnicas y talleres de cocreaci\u00f3n con el objetivo de construir una hoja de ruta para impulsar la simbiosis industrial y la econom\u00eda circular entre sectores estrat\u00e9gicos de la econom\u00eda catalana.<\/p>\n<hr \/>\n<h3>Pr\u00f3ximos pasos del proyecto<\/h3>\n<p>El proyecto SINTEC continuar\u00e1 su recorrido con una jornada final prevista para el mes de abril, donde se presentar\u00e1n las conclusiones del estudio, las sinergias identificadas y las oportunidades de colaboraci\u00f3n futuras entre empresas y entidades participantes.<\/p>\n<p>Desde el CREC, queremos agradecer la participaci\u00f3n e implicaci\u00f3n de todas las empresas y profesionales que han contribuido a esta jornada. La colaboraci\u00f3n entre sectores es clave para avanzar hacia modelos productivos m\u00e1s circulares, eficientes y sostenibles.<\/p>\n","protected":false},"excerpt":{"rendered":"<p>Este ejercicio permiti\u00f3 detectar nuevas sinergias industriales y posibles l\u00edneas de desarrollo de prototipos y proyectos piloto entre empresas de distintos sectores.<\/p>\n","protected":false},"author":2,"featured_media":6733,"comment_status":"open","ping_status":"closed","sticky":false,"template":"","format":"standard","meta":{"_acf_changed":false,"neve_meta_sidebar":"","neve_meta_container":"","neve_meta_enable_content_width":"off","neve_meta_content_width":70,"neve_meta_title_alignment":"","neve_meta_author_avatar":"","neve_post_elements_order":"","neve_meta_disable_header":"","neve_meta_disable_footer":"","neve_meta_disable_title":"","footnotes":""},"categories":[32],"tags":[],"class_list":["post-6739","post","type-post","status-publish","format-standard","has-post-thumbnail","hentry","category-sin-categorizar"],"acf":[],"yoast_head":"<!-- This site is optimized with the Yoast SEO plugin v27.2 - https:\/\/yoast.com\/product\/yoast-seo-wordpress\/ -->\n<title>El CREC lidera la tercera jornada del proyecto SINTEC para avanzar en nuevas sinergias de econom\u00eda circular. | CREC<\/title>\n<meta name=\"description\" content=\"El projecte SINTEC neix amb la voluntat de promoure la col\u00b7laboraci\u00f3 entre sectors industrials tradicionalment poc connectats, com el t\u00e8xtil, els materials avan\u00e7ats, el packaging i la gesti\u00f3 de residus.\" \/>\n<meta name=\"robots\" content=\"index, follow, max-snippet:-1, max-image-preview:large, max-video-preview:-1\" \/>\n<link rel=\"canonical\" href=\"https:\/\/www.crec.cat\/tercera-jornada-sintec-crec\/\" \/>\n<meta property=\"og:locale\" content=\"es_ES\" \/>\n<meta property=\"og:type\" content=\"article\" \/>\n<meta property=\"og:title\" content=\"El CREC lidera la tercera jornada del proyecto SINTEC para avanzar en nuevas sinergias de econom\u00eda circular. | CREC\" \/>\n<meta property=\"og:description\" content=\"El projecte SINTEC neix amb la voluntat de promoure la col\u00b7laboraci\u00f3 entre sectors industrials tradicionalment poc connectats, com el t\u00e8xtil, els materials avan\u00e7ats, el packaging i la gesti\u00f3 de residus.\" \/>\n<meta property=\"og:url\" content=\"https:\/\/www.crec.cat\/tercera-jornada-sintec-crec\/\" \/>\n<meta property=\"og:site_name\" content=\"CREC\" \/>\n<meta property=\"article:published_time\" content=\"2026-03-06T14:27:07+00:00\" \/>\n<meta property=\"og:image\" content=\"https:\/\/www.crec.cat\/wp-content\/uploads\/2026\/03\/Diseno-sin-titulo-9.png\" \/>\n\t<meta property=\"og:image:width\" content=\"2000\" \/>\n\t<meta property=\"og:image:height\" content=\"1414\" \/>\n\t<meta property=\"og:image:type\" content=\"image\/png\" \/>\n<meta name=\"author\" content=\"CREC\" \/>\n<meta name=\"twitter:card\" content=\"summary_large_image\" \/>\n<meta name=\"twitter:creator\" content=\"@clusterresidus\" \/>\n<meta name=\"twitter:site\" content=\"@clusterresidus\" \/>\n<meta name=\"twitter:label1\" content=\"Escrito por\" \/>\n\t<meta name=\"twitter:data1\" content=\"CREC\" \/>\n\t<meta name=\"twitter:label2\" content=\"Tiempo de lectura\" \/>\n\t<meta name=\"twitter:data2\" content=\"3 minutos\" \/>\n<script type=\"application\/ld+json\" class=\"yoast-schema-graph\">{\"@context\":\"https:\/\/schema.org\",\"@graph\":[{\"@type\":\"Article\",\"@id\":\"https:\/\/www.crec.cat\/tercera-jornada-sintec-crec\/#article\",\"isPartOf\":{\"@id\":\"https:\/\/www.crec.cat\/tercera-jornada-sintec-crec\/\"},\"author\":{\"name\":\"CREC\",\"@id\":\"https:\/\/www.crec.cat\/#\/schema\/person\/c948b336bb03e8df8746374e7dc8528c\"},\"headline\":\"El CREC lidera la tercera jornada del proyecto SINTEC para avanzar en nuevas sinergias de econom\u00eda circular.\",\"datePublished\":\"2026-03-06T14:27:07+00:00\",\"mainEntityOfPage\":{\"@id\":\"https:\/\/www.crec.cat\/tercera-jornada-sintec-crec\/\"},\"wordCount\":558,\"commentCount\":0,\"publisher\":{\"@id\":\"https:\/\/www.crec.cat\/#organization\"},\"image\":{\"@id\":\"https:\/\/www.crec.cat\/tercera-jornada-sintec-crec\/#primaryimage\"},\"thumbnailUrl\":\"https:\/\/www.crec.cat\/wp-content\/uploads\/2026\/03\/Diseno-sin-titulo-9.png\",\"articleSection\":[\"Sin categorizar\"],\"inLanguage\":\"es\",\"potentialAction\":[{\"@type\":\"CommentAction\",\"name\":\"Comment\",\"target\":[\"https:\/\/www.crec.cat\/tercera-jornada-sintec-crec\/#respond\"]}]},{\"@type\":\"WebPage\",\"@id\":\"https:\/\/www.crec.cat\/tercera-jornada-sintec-crec\/\",\"url\":\"https:\/\/www.crec.cat\/tercera-jornada-sintec-crec\/\",\"name\":\"El CREC lidera la tercera jornada del proyecto SINTEC para avanzar en nuevas sinergias de econom\u00eda circular. | CREC\",\"isPartOf\":{\"@id\":\"https:\/\/www.crec.cat\/#website\"},\"primaryImageOfPage\":{\"@id\":\"https:\/\/www.crec.cat\/tercera-jornada-sintec-crec\/#primaryimage\"},\"image\":{\"@id\":\"https:\/\/www.crec.cat\/tercera-jornada-sintec-crec\/#primaryimage\"},\"thumbnailUrl\":\"https:\/\/www.crec.cat\/wp-content\/uploads\/2026\/03\/Diseno-sin-titulo-9.png\",\"datePublished\":\"2026-03-06T14:27:07+00:00\",\"description\":\"El projecte SINTEC neix amb la voluntat de promoure la col\u00b7laboraci\u00f3 entre sectors industrials tradicionalment poc connectats, com el t\u00e8xtil, els materials avan\u00e7ats, el packaging i la gesti\u00f3 de residus.\",\"breadcrumb\":{\"@id\":\"https:\/\/www.crec.cat\/tercera-jornada-sintec-crec\/#breadcrumb\"},\"inLanguage\":\"es\",\"potentialAction\":[{\"@type\":\"ReadAction\",\"target\":[\"https:\/\/www.crec.cat\/tercera-jornada-sintec-crec\/\"]}]},{\"@type\":\"ImageObject\",\"inLanguage\":\"es\",\"@id\":\"https:\/\/www.crec.cat\/tercera-jornada-sintec-crec\/#primaryimage\",\"url\":\"https:\/\/www.crec.cat\/wp-content\/uploads\/2026\/03\/Diseno-sin-titulo-9.png\",\"contentUrl\":\"https:\/\/www.crec.cat\/wp-content\/uploads\/2026\/03\/Diseno-sin-titulo-9.png\",\"width\":2000,\"height\":1414},{\"@type\":\"BreadcrumbList\",\"@id\":\"https:\/\/www.crec.cat\/tercera-jornada-sintec-crec\/#breadcrumb\",\"itemListElement\":[{\"@type\":\"ListItem\",\"position\":1,\"name\":\"Inici\",\"item\":\"https:\/\/www.crec.cat\/es\/\"},{\"@type\":\"ListItem\",\"position\":2,\"name\":\"El CREC lidera la tercera jornada del proyecto SINTEC para avanzar en nuevas sinergias de econom\u00eda circular.\"}]},{\"@type\":\"WebSite\",\"@id\":\"https:\/\/www.crec.cat\/#website\",\"url\":\"https:\/\/www.crec.cat\/\",\"name\":\"CREC\",\"description\":\"Impulsem la competitivitat del sector de residus i l&#039;economia circular de Catalunya\",\"publisher\":{\"@id\":\"https:\/\/www.crec.cat\/#organization\"},\"alternateName\":\"Cl\u00faster de Residus de Catalunya\",\"potentialAction\":[{\"@type\":\"SearchAction\",\"target\":{\"@type\":\"EntryPoint\",\"urlTemplate\":\"https:\/\/www.crec.cat\/?s={search_term_string}\"},\"query-input\":{\"@type\":\"PropertyValueSpecification\",\"valueRequired\":true,\"valueName\":\"search_term_string\"}}],\"inLanguage\":\"es\"},{\"@type\":\"Organization\",\"@id\":\"https:\/\/www.crec.cat\/#organization\",\"name\":\"CREC\",\"alternateName\":\"CREC\",\"url\":\"https:\/\/www.crec.cat\/\",\"logo\":{\"@type\":\"ImageObject\",\"inLanguage\":\"es\",\"@id\":\"https:\/\/www.crec.cat\/#\/schema\/logo\/image\/\",\"url\":\"https:\/\/www.crec.cat\/wp-content\/uploads\/2021\/04\/Favicon-CREC.png\",\"contentUrl\":\"https:\/\/www.crec.cat\/wp-content\/uploads\/2021\/04\/Favicon-CREC.png\",\"width\":2134,\"height\":2134,\"caption\":\"CREC\"},\"image\":{\"@id\":\"https:\/\/www.crec.cat\/#\/schema\/logo\/image\/\"},\"sameAs\":[\"https:\/\/x.com\/clusterresidus\",\"https:\/\/www.linkedin.com\/company\/cluster-de-residus-de-catalunya\/\"]},{\"@type\":\"Person\",\"@id\":\"https:\/\/www.crec.cat\/#\/schema\/person\/c948b336bb03e8df8746374e7dc8528c\",\"name\":\"CREC\",\"image\":{\"@type\":\"ImageObject\",\"inLanguage\":\"es\",\"@id\":\"https:\/\/secure.gravatar.com\/avatar\/9d99d6b9026592c1ad43a5ace14891224aacbbed503ee6572df9bfca600ff3b0?s=96&d=mm&r=g\",\"url\":\"https:\/\/secure.gravatar.com\/avatar\/9d99d6b9026592c1ad43a5ace14891224aacbbed503ee6572df9bfca600ff3b0?s=96&d=mm&r=g\",\"contentUrl\":\"https:\/\/secure.gravatar.com\/avatar\/9d99d6b9026592c1ad43a5ace14891224aacbbed503ee6572df9bfca600ff3b0?s=96&d=mm&r=g\",\"caption\":\"CREC\"}}]}<\/script>\n<!-- \/ Yoast SEO plugin. -->","yoast_head_json":{"title":"El CREC lidera la tercera jornada del proyecto SINTEC para avanzar en nuevas sinergias de econom\u00eda circular. | CREC","description":"El projecte SINTEC neix amb la voluntat de promoure la col\u00b7laboraci\u00f3 entre sectors industrials tradicionalment poc connectats, com el t\u00e8xtil, els materials avan\u00e7ats, el packaging i la gesti\u00f3 de residus.","robots":{"index":"index","follow":"follow","max-snippet":"max-snippet:-1","max-image-preview":"max-image-preview:large","max-video-preview":"max-video-preview:-1"},"canonical":"https:\/\/www.crec.cat\/tercera-jornada-sintec-crec\/","og_locale":"es_ES","og_type":"article","og_title":"El CREC lidera la tercera jornada del proyecto SINTEC para avanzar en nuevas sinergias de econom\u00eda circular. | CREC","og_description":"El projecte SINTEC neix amb la voluntat de promoure la col\u00b7laboraci\u00f3 entre sectors industrials tradicionalment poc connectats, com el t\u00e8xtil, els materials avan\u00e7ats, el packaging i la gesti\u00f3 de residus.","og_url":"https:\/\/www.crec.cat\/tercera-jornada-sintec-crec\/","og_site_name":"CREC","article_published_time":"2026-03-06T14:27:07+00:00","og_image":[{"width":2000,"height":1414,"url":"https:\/\/www.crec.cat\/wp-content\/uploads\/2026\/03\/Diseno-sin-titulo-9.png","type":"image\/png"}],"author":"CREC","twitter_card":"summary_large_image","twitter_creator":"@clusterresidus","twitter_site":"@clusterresidus","twitter_misc":{"Escrito por":"CREC","Tiempo de lectura":"3 minutos"},"schema":{"@context":"https:\/\/schema.org","@graph":[{"@type":"Article","@id":"https:\/\/www.crec.cat\/tercera-jornada-sintec-crec\/#article","isPartOf":{"@id":"https:\/\/www.crec.cat\/tercera-jornada-sintec-crec\/"},"author":{"name":"CREC","@id":"https:\/\/www.crec.cat\/#\/schema\/person\/c948b336bb03e8df8746374e7dc8528c"},"headline":"El CREC lidera la tercera jornada del proyecto SINTEC para avanzar en nuevas sinergias de econom\u00eda circular.","datePublished":"2026-03-06T14:27:07+00:00","mainEntityOfPage":{"@id":"https:\/\/www.crec.cat\/tercera-jornada-sintec-crec\/"},"wordCount":558,"commentCount":0,"publisher":{"@id":"https:\/\/www.crec.cat\/#organization"},"image":{"@id":"https:\/\/www.crec.cat\/tercera-jornada-sintec-crec\/#primaryimage"},"thumbnailUrl":"https:\/\/www.crec.cat\/wp-content\/uploads\/2026\/03\/Diseno-sin-titulo-9.png","articleSection":["Sin categorizar"],"inLanguage":"es","potentialAction":[{"@type":"CommentAction","name":"Comment","target":["https:\/\/www.crec.cat\/tercera-jornada-sintec-crec\/#respond"]}]},{"@type":"WebPage","@id":"https:\/\/www.crec.cat\/tercera-jornada-sintec-crec\/","url":"https:\/\/www.crec.cat\/tercera-jornada-sintec-crec\/","name":"El CREC lidera la tercera jornada del proyecto SINTEC para avanzar en nuevas sinergias de econom\u00eda circular. | CREC","isPartOf":{"@id":"https:\/\/www.crec.cat\/#website"},"primaryImageOfPage":{"@id":"https:\/\/www.crec.cat\/tercera-jornada-sintec-crec\/#primaryimage"},"image":{"@id":"https:\/\/www.crec.cat\/tercera-jornada-sintec-crec\/#primaryimage"},"thumbnailUrl":"https:\/\/www.crec.cat\/wp-content\/uploads\/2026\/03\/Diseno-sin-titulo-9.png","datePublished":"2026-03-06T14:27:07+00:00","description":"El projecte SINTEC neix amb la voluntat de promoure la col\u00b7laboraci\u00f3 entre sectors industrials tradicionalment poc connectats, com el t\u00e8xtil, els materials avan\u00e7ats, el packaging i la gesti\u00f3 de residus.","breadcrumb":{"@id":"https:\/\/www.crec.cat\/tercera-jornada-sintec-crec\/#breadcrumb"},"inLanguage":"es","potentialAction":[{"@type":"ReadAction","target":["https:\/\/www.crec.cat\/tercera-jornada-sintec-crec\/"]}]},{"@type":"ImageObject","inLanguage":"es","@id":"https:\/\/www.crec.cat\/tercera-jornada-sintec-crec\/#primaryimage","url":"https:\/\/www.crec.cat\/wp-content\/uploads\/2026\/03\/Diseno-sin-titulo-9.png","contentUrl":"https:\/\/www.crec.cat\/wp-content\/uploads\/2026\/03\/Diseno-sin-titulo-9.png","width":2000,"height":1414},{"@type":"BreadcrumbList","@id":"https:\/\/www.crec.cat\/tercera-jornada-sintec-crec\/#breadcrumb","itemListElement":[{"@type":"ListItem","position":1,"name":"Inici","item":"https:\/\/www.crec.cat\/es\/"},{"@type":"ListItem","position":2,"name":"El CREC lidera la tercera jornada del proyecto SINTEC para avanzar en nuevas sinergias de econom\u00eda circular."}]},{"@type":"WebSite","@id":"https:\/\/www.crec.cat\/#website","url":"https:\/\/www.crec.cat\/","name":"CREC","description":"Impulsem la competitivitat del sector de residus i l&#039;economia circular de Catalunya","publisher":{"@id":"https:\/\/www.crec.cat\/#organization"},"alternateName":"Cl\u00faster de Residus de Catalunya","potentialAction":[{"@type":"SearchAction","target":{"@type":"EntryPoint","urlTemplate":"https:\/\/www.crec.cat\/?s={search_term_string}"},"query-input":{"@type":"PropertyValueSpecification","valueRequired":true,"valueName":"search_term_string"}}],"inLanguage":"es"},{"@type":"Organization","@id":"https:\/\/www.crec.cat\/#organization","name":"CREC","alternateName":"CREC","url":"https:\/\/www.crec.cat\/","logo":{"@type":"ImageObject","inLanguage":"es","@id":"https:\/\/www.crec.cat\/#\/schema\/logo\/image\/","url":"https:\/\/www.crec.cat\/wp-content\/uploads\/2021\/04\/Favicon-CREC.png","contentUrl":"https:\/\/www.crec.cat\/wp-content\/uploads\/2021\/04\/Favicon-CREC.png","width":2134,"height":2134,"caption":"CREC"},"image":{"@id":"https:\/\/www.crec.cat\/#\/schema\/logo\/image\/"},"sameAs":["https:\/\/x.com\/clusterresidus","https:\/\/www.linkedin.com\/company\/cluster-de-residus-de-catalunya\/"]},{"@type":"Person","@id":"https:\/\/www.crec.cat\/#\/schema\/person\/c948b336bb03e8df8746374e7dc8528c","name":"CREC","image":{"@type":"ImageObject","inLanguage":"es","@id":"https:\/\/secure.gravatar.com\/avatar\/9d99d6b9026592c1ad43a5ace14891224aacbbed503ee6572df9bfca600ff3b0?s=96&d=mm&r=g","url":"https:\/\/secure.gravatar.com\/avatar\/9d99d6b9026592c1ad43a5ace14891224aacbbed503ee6572df9bfca600ff3b0?s=96&d=mm&r=g","contentUrl":"https:\/\/secure.gravatar.com\/avatar\/9d99d6b9026592c1ad43a5ace14891224aacbbed503ee6572df9bfca600ff3b0?s=96&d=mm&r=g","caption":"CREC"}}]}},"_links":{"self":[{"href":"https:\/\/www.crec.cat\/es\/wp-json\/wp\/v2\/posts\/6739","targetHints":{"allow":["GET"]}}],"collection":[{"href":"https:\/\/www.crec.cat\/es\/wp-json\/wp\/v2\/posts"}],"about":[{"href":"https:\/\/www.crec.cat\/es\/wp-json\/wp\/v2\/types\/post"}],"author":[{"embeddable":true,"href":"https:\/\/www.crec.cat\/es\/wp-json\/wp\/v2\/users\/2"}],"replies":[{"embeddable":true,"href":"https:\/\/www.crec.cat\/es\/wp-json\/wp\/v2\/comments?post=6739"}],"version-history":[{"count":0,"href":"https:\/\/www.crec.cat\/es\/wp-json\/wp\/v2\/posts\/6739\/revisions"}],"wp:featuredmedia":[{"embeddable":true,"href":"https:\/\/www.crec.cat\/es\/wp-json\/wp\/v2\/media\/6733"}],"wp:attachment":[{"href":"https:\/\/www.crec.cat\/es\/wp-json\/wp\/v2\/media?parent=6739"}],"wp:term":[{"taxonomy":"category","embeddable":true,"href":"https:\/\/www.crec.cat\/es\/wp-json\/wp\/v2\/categories?post=6739"},{"taxonomy":"post_tag","embeddable":true,"href":"https:\/\/www.crec.cat\/es\/wp-json\/wp\/v2\/tags?post=6739"}],"curies":[{"name":"wp","href":"https:\/\/api.w.org\/{rel}","templated":true}]}}