{"id":6591,"date":"2026-01-20T11:57:19","date_gmt":"2026-01-20T10:57:19","guid":{"rendered":"https:\/\/www.crec.cat\/el-cluster-de-residuos-visita-la-planta-de-formacio-i-treball-en-sabadell\/"},"modified":"2026-01-20T11:57:19","modified_gmt":"2026-01-20T10:57:19","slug":"el-cluster-de-residuos-visita-la-planta-de-formacio-i-treball-en-sabadell","status":"publish","type":"post","link":"https:\/\/www.crec.cat\/es\/el-cluster-de-residuos-visita-la-planta-de-formacio-i-treball-en-sabadell\/","title":{"rendered":"El Cl\u00faster de Residuos visita la planta de Formaci\u00f3 i Treball en Sabadell"},"content":{"rendered":"<p>El Cl\u00faster de Residuos (CREC) ha visitado la planta de Formaci\u00f3 i Treball en Sabadell en el marco de las actividades del grupo de trabajo de residuo textil. La jornada ha permitido conocer de cerca un modelo que combina econom\u00eda circular, innovaci\u00f3n tecnol\u00f3gica e impacto social, as\u00ed como generar un espacio de intercambio entre las empresas y entidades participantes.<\/p>\n<p>&nbsp;<\/p>\n<p><img fetchpriority=\"high\" decoding=\"async\" class=\" wp-image-6320 aligncenter\" src=\"https:\/\/www.crec.cat\/wp-content\/uploads\/2026\/01\/WhatsApp-Image-2026-01-19-at-12.35.38-300x225.jpeg\" alt=\"\" width=\"513\" height=\"385\" srcset=\"https:\/\/www.crec.cat\/wp-content\/uploads\/2026\/01\/WhatsApp-Image-2026-01-19-at-12.35.38-300x225.jpeg 300w, https:\/\/www.crec.cat\/wp-content\/uploads\/2026\/01\/WhatsApp-Image-2026-01-19-at-12.35.38-1024x768.jpeg 1024w, https:\/\/www.crec.cat\/wp-content\/uploads\/2026\/01\/WhatsApp-Image-2026-01-19-at-12.35.38-768x576.jpeg 768w, https:\/\/www.crec.cat\/wp-content\/uploads\/2026\/01\/WhatsApp-Image-2026-01-19-at-12.35.38-1536x1152.jpeg 1536w, https:\/\/www.crec.cat\/wp-content\/uploads\/2026\/01\/WhatsApp-Image-2026-01-19-at-12.35.38.jpeg 1600w\" sizes=\"(max-width: 513px) 100vw, 513px\" \/><\/p>\n<h2>Un proceso de triaje textil clave para la reutilizaci\u00f3n<\/h2>\n<p>Durante la visita, las empresas del cl\u00faster han podido recorrer todas las instalaciones y observar el proceso manual de triaje del textil, una fase esencial para garantizar la m\u00e1xima recuperaci\u00f3n y valorizaci\u00f3n de los materiales. Este proceso incluye la clasificaci\u00f3n de distintos tipos de tejidos, el emparejamiento de zapatos y la selecci\u00f3n de prendas seg\u00fan su estado, ya sean, por ejemplo, prendas nuevas, usadas o vintage.<\/p>\n<p>Este trabajo detallado permite alargar la vida \u00fatil de los productos, priorizando la reutilizaci\u00f3n y reduciendo la generaci\u00f3n de residuos, al tiempo que contribuye a la inserci\u00f3n sociolaboral de personas en situaci\u00f3n de vulnerabilidad.<\/p>\n<h2>Innovaci\u00f3n tecnol\u00f3gica: la clasificaci\u00f3n con Fibersort<\/h2>\n<p>Uno de los puntos m\u00e1s destacados de la jornada ha sido la presentaci\u00f3n del funcionamiento de la tecnolog\u00eda Fibersort, una herramienta innovadora que permite clasificar los textiles seg\u00fan su composici\u00f3n mediante tecnolog\u00eda de infrarrojo. Esta soluci\u00f3n acelera el proceso de clasificaci\u00f3n, mejora la eficiencia operativa y abre nuevas oportunidades para la recuperaci\u00f3n de fibras y el reciclaje textil.<\/p>\n<p>La incorporaci\u00f3n de tecnolog\u00edas como Fibersort es clave para avanzar hacia un modelo de gesti\u00f3n del residuo textil m\u00e1s eficiente, escalable y alineado con los objetivos de la econom\u00eda circular.<\/p>\n<h2>Espacio de trabajo y colaboraci\u00f3n entre empresas<\/h2>\n<p>La visita ha finalizado con una sesi\u00f3n de trabajo con las empresas del grupo, en la que se han compartido experiencias, retos y posibles l\u00edneas de colaboraci\u00f3n en el \u00e1mbito del residuo textil. Este espacio ha permitido profundizar en los retos actuales del sector e identificar oportunidades conjuntas para impulsar proyectos de innovaci\u00f3n y mejora continua.<\/p>\n<p>Desde el CREC queremos agradecer a Formaci\u00f3 i Treball la acogida y la disponibilidad, as\u00ed como a todas las empresas del grupo de trabajo que han participado activamente en la jornada. Iniciativas como esta refuerzan el papel del cl\u00faster como plataforma de conexi\u00f3n, conocimiento e impulso de soluciones sostenibles para el sector de los residuos.<\/p>\n<h2>\u00bfQuieres formar parte del grupo de trabajo de residuo textil?<\/h2>\n<p>El grupo de trabajo de residuo textil del CREC es un espacio de colaboraci\u00f3n entre empresas, entidades y agentes de la cadena de valor que quieren anticiparse a los retos del sector, compartir conocimiento e impulsar proyectos de innovaci\u00f3n y econom\u00eda circular.<\/p>\n<p>\ud83d\udc49 Si quieres participar en las actividades del grupo y contribuir activamente a la transformaci\u00f3n del sector textil, te animamos a asociarte al CREC.<br \/>\nFormar parte del cl\u00faster te permitir\u00e1 conectar con otros actores clave, acceder a proyectos colaborativos y estar al d\u00eda de las novedades y oportunidades del sector de los residuos.<\/p>\n","protected":false},"excerpt":{"rendered":"<p>El Cl\u00faster de Residuos (CREC) ha visitado la planta de Formaci\u00f3 i Treball en Sabadell en el marco de las actividades del grupo de trabajo de residuo textil. La jornada ha permitido conocer de cerca un modelo que combina econom\u00eda circular, innovaci\u00f3n tecnol\u00f3gica e impacto social, as\u00ed como generar un espacio de intercambio entre las empresas y entidades participantes.<\/p>\n","protected":false},"author":2,"featured_media":6586,"comment_status":"open","ping_status":"closed","sticky":false,"template":"","format":"standard","meta":{"_acf_changed":false,"neve_meta_sidebar":"","neve_meta_container":"","neve_meta_enable_content_width":"off","neve_meta_content_width":70,"neve_meta_title_alignment":"","neve_meta_author_avatar":"","neve_post_elements_order":"","neve_meta_disable_header":"","neve_meta_disable_footer":"","neve_meta_disable_title":"","footnotes":""},"categories":[32],"tags":[],"class_list":["post-6591","post","type-post","status-publish","format-standard","has-post-thumbnail","hentry","category-sin-categorizar"],"acf":[],"yoast_head":"<!-- This site is optimized with the Yoast SEO plugin v27.2 - https:\/\/yoast.com\/product\/yoast-seo-wordpress\/ -->\n<title>El Cl\u00faster de Residuos visita la planta de Formaci\u00f3 i Treball en Sabadell | CREC<\/title>\n<meta name=\"robots\" content=\"index, follow, max-snippet:-1, max-image-preview:large, max-video-preview:-1\" \/>\n<link rel=\"canonical\" href=\"https:\/\/www.crec.cat\/visita-formacio-i-treball\/\" \/>\n<meta property=\"og:locale\" content=\"es_ES\" \/>\n<meta property=\"og:type\" content=\"article\" \/>\n<meta property=\"og:title\" content=\"El Cl\u00faster de Residuos visita la planta de Formaci\u00f3 i Treball en Sabadell | CREC\" \/>\n<meta property=\"og:description\" content=\"El Cl\u00faster de Residuos (CREC) ha visitado la planta de Formaci\u00f3 i Treball en Sabadell en el marco de las actividades del grupo de trabajo de residuo textil. La jornada ha permitido conocer de cerca un modelo que combina econom\u00eda circular, innovaci\u00f3n tecnol\u00f3gica e impacto social, as\u00ed como generar un espacio de intercambio entre las empresas y entidades participantes.\" \/>\n<meta property=\"og:url\" content=\"https:\/\/www.crec.cat\/visita-formacio-i-treball\/\" \/>\n<meta property=\"og:site_name\" content=\"CREC\" \/>\n<meta property=\"article:published_time\" content=\"2026-01-20T10:57:19+00:00\" \/>\n<meta property=\"og:image\" content=\"https:\/\/www.crec.cat\/wp-content\/uploads\/2026\/01\/WhatsApp-Image-2026-01-19-at-12.35.38.jpeg\" \/>\n\t<meta property=\"og:image:width\" content=\"1600\" \/>\n\t<meta property=\"og:image:height\" content=\"1200\" \/>\n\t<meta property=\"og:image:type\" content=\"image\/jpeg\" \/>\n<meta name=\"author\" content=\"CREC\" \/>\n<meta name=\"twitter:card\" content=\"summary_large_image\" \/>\n<meta name=\"twitter:creator\" content=\"@clusterresidus\" \/>\n<meta name=\"twitter:site\" content=\"@clusterresidus\" \/>\n<meta name=\"twitter:label1\" content=\"Escrito por\" \/>\n\t<meta name=\"twitter:data1\" content=\"CREC\" \/>\n\t<meta name=\"twitter:label2\" content=\"Tiempo de lectura\" \/>\n\t<meta name=\"twitter:data2\" content=\"3 minutos\" \/>\n<script type=\"application\/ld+json\" class=\"yoast-schema-graph\">{\"@context\":\"https:\/\/schema.org\",\"@graph\":[{\"@type\":\"Article\",\"@id\":\"https:\/\/www.crec.cat\/visita-formacio-i-treball\/#article\",\"isPartOf\":{\"@id\":\"https:\/\/www.crec.cat\/visita-formacio-i-treball\/\"},\"author\":{\"name\":\"CREC\",\"@id\":\"https:\/\/www.crec.cat\/#\/schema\/person\/c948b336bb03e8df8746374e7dc8528c\"},\"headline\":\"El Cl\u00faster de Residuos visita la planta de Formaci\u00f3 i Treball en Sabadell\",\"datePublished\":\"2026-01-20T10:57:19+00:00\",\"mainEntityOfPage\":{\"@id\":\"https:\/\/www.crec.cat\/visita-formacio-i-treball\/\"},\"wordCount\":545,\"commentCount\":0,\"publisher\":{\"@id\":\"https:\/\/www.crec.cat\/#organization\"},\"image\":{\"@id\":\"https:\/\/www.crec.cat\/visita-formacio-i-treball\/#primaryimage\"},\"thumbnailUrl\":\"https:\/\/www.crec.cat\/wp-content\/uploads\/2026\/01\/WhatsApp-Image-2026-01-19-at-12.35.38.jpeg\",\"articleSection\":[\"Sin categorizar\"],\"inLanguage\":\"es\",\"potentialAction\":[{\"@type\":\"CommentAction\",\"name\":\"Comment\",\"target\":[\"https:\/\/www.crec.cat\/visita-formacio-i-treball\/#respond\"]}]},{\"@type\":\"WebPage\",\"@id\":\"https:\/\/www.crec.cat\/visita-formacio-i-treball\/\",\"url\":\"https:\/\/www.crec.cat\/visita-formacio-i-treball\/\",\"name\":\"El Cl\u00faster de Residuos visita la planta de Formaci\u00f3 i Treball en Sabadell | CREC\",\"isPartOf\":{\"@id\":\"https:\/\/www.crec.cat\/#website\"},\"primaryImageOfPage\":{\"@id\":\"https:\/\/www.crec.cat\/visita-formacio-i-treball\/#primaryimage\"},\"image\":{\"@id\":\"https:\/\/www.crec.cat\/visita-formacio-i-treball\/#primaryimage\"},\"thumbnailUrl\":\"https:\/\/www.crec.cat\/wp-content\/uploads\/2026\/01\/WhatsApp-Image-2026-01-19-at-12.35.38.jpeg\",\"datePublished\":\"2026-01-20T10:57:19+00:00\",\"breadcrumb\":{\"@id\":\"https:\/\/www.crec.cat\/visita-formacio-i-treball\/#breadcrumb\"},\"inLanguage\":\"es\",\"potentialAction\":[{\"@type\":\"ReadAction\",\"target\":[\"https:\/\/www.crec.cat\/visita-formacio-i-treball\/\"]}]},{\"@type\":\"ImageObject\",\"inLanguage\":\"es\",\"@id\":\"https:\/\/www.crec.cat\/visita-formacio-i-treball\/#primaryimage\",\"url\":\"https:\/\/www.crec.cat\/wp-content\/uploads\/2026\/01\/WhatsApp-Image-2026-01-19-at-12.35.38.jpeg\",\"contentUrl\":\"https:\/\/www.crec.cat\/wp-content\/uploads\/2026\/01\/WhatsApp-Image-2026-01-19-at-12.35.38.jpeg\",\"width\":1600,\"height\":1200},{\"@type\":\"BreadcrumbList\",\"@id\":\"https:\/\/www.crec.cat\/visita-formacio-i-treball\/#breadcrumb\",\"itemListElement\":[{\"@type\":\"ListItem\",\"position\":1,\"name\":\"Inici\",\"item\":\"https:\/\/www.crec.cat\/es\/\"},{\"@type\":\"ListItem\",\"position\":2,\"name\":\"El Cl\u00faster de Residuos visita la planta de Formaci\u00f3 i Treball en Sabadell\"}]},{\"@type\":\"WebSite\",\"@id\":\"https:\/\/www.crec.cat\/#website\",\"url\":\"https:\/\/www.crec.cat\/\",\"name\":\"CREC\",\"description\":\"Impulsem la competitivitat del sector de residus i l&#039;economia circular de Catalunya\",\"publisher\":{\"@id\":\"https:\/\/www.crec.cat\/#organization\"},\"alternateName\":\"Cl\u00faster de Residus de Catalunya\",\"potentialAction\":[{\"@type\":\"SearchAction\",\"target\":{\"@type\":\"EntryPoint\",\"urlTemplate\":\"https:\/\/www.crec.cat\/?s={search_term_string}\"},\"query-input\":{\"@type\":\"PropertyValueSpecification\",\"valueRequired\":true,\"valueName\":\"search_term_string\"}}],\"inLanguage\":\"es\"},{\"@type\":\"Organization\",\"@id\":\"https:\/\/www.crec.cat\/#organization\",\"name\":\"CREC\",\"alternateName\":\"CREC\",\"url\":\"https:\/\/www.crec.cat\/\",\"logo\":{\"@type\":\"ImageObject\",\"inLanguage\":\"es\",\"@id\":\"https:\/\/www.crec.cat\/#\/schema\/logo\/image\/\",\"url\":\"https:\/\/www.crec.cat\/wp-content\/uploads\/2021\/04\/Favicon-CREC.png\",\"contentUrl\":\"https:\/\/www.crec.cat\/wp-content\/uploads\/2021\/04\/Favicon-CREC.png\",\"width\":2134,\"height\":2134,\"caption\":\"CREC\"},\"image\":{\"@id\":\"https:\/\/www.crec.cat\/#\/schema\/logo\/image\/\"},\"sameAs\":[\"https:\/\/x.com\/clusterresidus\",\"https:\/\/www.linkedin.com\/company\/cluster-de-residus-de-catalunya\/\"]},{\"@type\":\"Person\",\"@id\":\"https:\/\/www.crec.cat\/#\/schema\/person\/c948b336bb03e8df8746374e7dc8528c\",\"name\":\"CREC\",\"image\":{\"@type\":\"ImageObject\",\"inLanguage\":\"es\",\"@id\":\"https:\/\/secure.gravatar.com\/avatar\/9d99d6b9026592c1ad43a5ace14891224aacbbed503ee6572df9bfca600ff3b0?s=96&d=mm&r=g\",\"url\":\"https:\/\/secure.gravatar.com\/avatar\/9d99d6b9026592c1ad43a5ace14891224aacbbed503ee6572df9bfca600ff3b0?s=96&d=mm&r=g\",\"contentUrl\":\"https:\/\/secure.gravatar.com\/avatar\/9d99d6b9026592c1ad43a5ace14891224aacbbed503ee6572df9bfca600ff3b0?s=96&d=mm&r=g\",\"caption\":\"CREC\"}}]}<\/script>\n<!-- \/ Yoast SEO plugin. -->","yoast_head_json":{"title":"El Cl\u00faster de Residuos visita la planta de Formaci\u00f3 i Treball en Sabadell | CREC","robots":{"index":"index","follow":"follow","max-snippet":"max-snippet:-1","max-image-preview":"max-image-preview:large","max-video-preview":"max-video-preview:-1"},"canonical":"https:\/\/www.crec.cat\/visita-formacio-i-treball\/","og_locale":"es_ES","og_type":"article","og_title":"El Cl\u00faster de Residuos visita la planta de Formaci\u00f3 i Treball en Sabadell | CREC","og_description":"El Cl\u00faster de Residuos (CREC) ha visitado la planta de Formaci\u00f3 i Treball en Sabadell en el marco de las actividades del grupo de trabajo de residuo textil. La jornada ha permitido conocer de cerca un modelo que combina econom\u00eda circular, innovaci\u00f3n tecnol\u00f3gica e impacto social, as\u00ed como generar un espacio de intercambio entre las empresas y entidades participantes.","og_url":"https:\/\/www.crec.cat\/visita-formacio-i-treball\/","og_site_name":"CREC","article_published_time":"2026-01-20T10:57:19+00:00","og_image":[{"width":1600,"height":1200,"url":"https:\/\/www.crec.cat\/wp-content\/uploads\/2026\/01\/WhatsApp-Image-2026-01-19-at-12.35.38.jpeg","type":"image\/jpeg"}],"author":"CREC","twitter_card":"summary_large_image","twitter_creator":"@clusterresidus","twitter_site":"@clusterresidus","twitter_misc":{"Escrito por":"CREC","Tiempo de lectura":"3 minutos"},"schema":{"@context":"https:\/\/schema.org","@graph":[{"@type":"Article","@id":"https:\/\/www.crec.cat\/visita-formacio-i-treball\/#article","isPartOf":{"@id":"https:\/\/www.crec.cat\/visita-formacio-i-treball\/"},"author":{"name":"CREC","@id":"https:\/\/www.crec.cat\/#\/schema\/person\/c948b336bb03e8df8746374e7dc8528c"},"headline":"El Cl\u00faster de Residuos visita la planta de Formaci\u00f3 i Treball en Sabadell","datePublished":"2026-01-20T10:57:19+00:00","mainEntityOfPage":{"@id":"https:\/\/www.crec.cat\/visita-formacio-i-treball\/"},"wordCount":545,"commentCount":0,"publisher":{"@id":"https:\/\/www.crec.cat\/#organization"},"image":{"@id":"https:\/\/www.crec.cat\/visita-formacio-i-treball\/#primaryimage"},"thumbnailUrl":"https:\/\/www.crec.cat\/wp-content\/uploads\/2026\/01\/WhatsApp-Image-2026-01-19-at-12.35.38.jpeg","articleSection":["Sin categorizar"],"inLanguage":"es","potentialAction":[{"@type":"CommentAction","name":"Comment","target":["https:\/\/www.crec.cat\/visita-formacio-i-treball\/#respond"]}]},{"@type":"WebPage","@id":"https:\/\/www.crec.cat\/visita-formacio-i-treball\/","url":"https:\/\/www.crec.cat\/visita-formacio-i-treball\/","name":"El Cl\u00faster de Residuos visita la planta de Formaci\u00f3 i Treball en Sabadell | CREC","isPartOf":{"@id":"https:\/\/www.crec.cat\/#website"},"primaryImageOfPage":{"@id":"https:\/\/www.crec.cat\/visita-formacio-i-treball\/#primaryimage"},"image":{"@id":"https:\/\/www.crec.cat\/visita-formacio-i-treball\/#primaryimage"},"thumbnailUrl":"https:\/\/www.crec.cat\/wp-content\/uploads\/2026\/01\/WhatsApp-Image-2026-01-19-at-12.35.38.jpeg","datePublished":"2026-01-20T10:57:19+00:00","breadcrumb":{"@id":"https:\/\/www.crec.cat\/visita-formacio-i-treball\/#breadcrumb"},"inLanguage":"es","potentialAction":[{"@type":"ReadAction","target":["https:\/\/www.crec.cat\/visita-formacio-i-treball\/"]}]},{"@type":"ImageObject","inLanguage":"es","@id":"https:\/\/www.crec.cat\/visita-formacio-i-treball\/#primaryimage","url":"https:\/\/www.crec.cat\/wp-content\/uploads\/2026\/01\/WhatsApp-Image-2026-01-19-at-12.35.38.jpeg","contentUrl":"https:\/\/www.crec.cat\/wp-content\/uploads\/2026\/01\/WhatsApp-Image-2026-01-19-at-12.35.38.jpeg","width":1600,"height":1200},{"@type":"BreadcrumbList","@id":"https:\/\/www.crec.cat\/visita-formacio-i-treball\/#breadcrumb","itemListElement":[{"@type":"ListItem","position":1,"name":"Inici","item":"https:\/\/www.crec.cat\/es\/"},{"@type":"ListItem","position":2,"name":"El Cl\u00faster de Residuos visita la planta de Formaci\u00f3 i Treball en Sabadell"}]},{"@type":"WebSite","@id":"https:\/\/www.crec.cat\/#website","url":"https:\/\/www.crec.cat\/","name":"CREC","description":"Impulsem la competitivitat del sector de residus i l&#039;economia circular de Catalunya","publisher":{"@id":"https:\/\/www.crec.cat\/#organization"},"alternateName":"Cl\u00faster de Residus de Catalunya","potentialAction":[{"@type":"SearchAction","target":{"@type":"EntryPoint","urlTemplate":"https:\/\/www.crec.cat\/?s={search_term_string}"},"query-input":{"@type":"PropertyValueSpecification","valueRequired":true,"valueName":"search_term_string"}}],"inLanguage":"es"},{"@type":"Organization","@id":"https:\/\/www.crec.cat\/#organization","name":"CREC","alternateName":"CREC","url":"https:\/\/www.crec.cat\/","logo":{"@type":"ImageObject","inLanguage":"es","@id":"https:\/\/www.crec.cat\/#\/schema\/logo\/image\/","url":"https:\/\/www.crec.cat\/wp-content\/uploads\/2021\/04\/Favicon-CREC.png","contentUrl":"https:\/\/www.crec.cat\/wp-content\/uploads\/2021\/04\/Favicon-CREC.png","width":2134,"height":2134,"caption":"CREC"},"image":{"@id":"https:\/\/www.crec.cat\/#\/schema\/logo\/image\/"},"sameAs":["https:\/\/x.com\/clusterresidus","https:\/\/www.linkedin.com\/company\/cluster-de-residus-de-catalunya\/"]},{"@type":"Person","@id":"https:\/\/www.crec.cat\/#\/schema\/person\/c948b336bb03e8df8746374e7dc8528c","name":"CREC","image":{"@type":"ImageObject","inLanguage":"es","@id":"https:\/\/secure.gravatar.com\/avatar\/9d99d6b9026592c1ad43a5ace14891224aacbbed503ee6572df9bfca600ff3b0?s=96&d=mm&r=g","url":"https:\/\/secure.gravatar.com\/avatar\/9d99d6b9026592c1ad43a5ace14891224aacbbed503ee6572df9bfca600ff3b0?s=96&d=mm&r=g","contentUrl":"https:\/\/secure.gravatar.com\/avatar\/9d99d6b9026592c1ad43a5ace14891224aacbbed503ee6572df9bfca600ff3b0?s=96&d=mm&r=g","caption":"CREC"}}]}},"_links":{"self":[{"href":"https:\/\/www.crec.cat\/es\/wp-json\/wp\/v2\/posts\/6591","targetHints":{"allow":["GET"]}}],"collection":[{"href":"https:\/\/www.crec.cat\/es\/wp-json\/wp\/v2\/posts"}],"about":[{"href":"https:\/\/www.crec.cat\/es\/wp-json\/wp\/v2\/types\/post"}],"author":[{"embeddable":true,"href":"https:\/\/www.crec.cat\/es\/wp-json\/wp\/v2\/users\/2"}],"replies":[{"embeddable":true,"href":"https:\/\/www.crec.cat\/es\/wp-json\/wp\/v2\/comments?post=6591"}],"version-history":[{"count":0,"href":"https:\/\/www.crec.cat\/es\/wp-json\/wp\/v2\/posts\/6591\/revisions"}],"wp:featuredmedia":[{"embeddable":true,"href":"https:\/\/www.crec.cat\/es\/wp-json\/wp\/v2\/media\/6586"}],"wp:attachment":[{"href":"https:\/\/www.crec.cat\/es\/wp-json\/wp\/v2\/media?parent=6591"}],"wp:term":[{"taxonomy":"category","embeddable":true,"href":"https:\/\/www.crec.cat\/es\/wp-json\/wp\/v2\/categories?post=6591"},{"taxonomy":"post_tag","embeddable":true,"href":"https:\/\/www.crec.cat\/es\/wp-json\/wp\/v2\/tags?post=6591"}],"curies":[{"name":"wp","href":"https:\/\/api.w.org\/{rel}","templated":true}]}}