{"id":4663,"date":"2024-05-24T13:16:44","date_gmt":"2024-05-24T11:16:44","guid":{"rendered":"https:\/\/www.crec.cat\/i-asamblea-general-ordinaria\/"},"modified":"2024-05-24T13:16:44","modified_gmt":"2024-05-24T11:16:44","slug":"i-asamblea-general-ordinaria","status":"publish","type":"post","link":"https:\/\/www.crec.cat\/es\/i-asamblea-general-ordinaria\/","title":{"rendered":"I Asamblea General Ordinaria"},"content":{"rendered":"<p>Durante la jornada dimos la bienvenida y se aprobaron a nuevos socios. A continuaci\u00f3n, se realizaron una serie de presentaciones formales para aprobar las cuentas anuales de 2024 y el plan de actividades de la entidad. Adem\u00e1s, se hizo un repaso de las cifras m\u00e1s destacadas del cl\u00faster.<\/p>\n<p>Tambi\u00e9n contamos con la ponencia inspiracional \u201cDe la selva a casa, un viaje al origen de las cadenas de suministro\u201d de Gl\u00f2ria Pallar\u00e8s, Pulitzer Center Fellow y periodista especializada en desarrollo, medio ambiente y salud global.<\/p>\n<p>Con Gl\u00f2ria, realizamos un viaje al inicio de las cadenas de suministro, para entender c\u00f3mo los productos que consumimos llegan a nuestras vidas y qu\u00e9 se necesita para avanzar hacia un futuro m\u00e1s sostenible y m\u00e1s justo.<\/p>\n<p>A trav\u00e9s de este art\u00edculo, agradecemos la asistencia a todos aquellos miembros que nos acompa\u00f1aron y <\/span><b>agradecemos a los 80 socios<\/b> <b>que hab\u00e9is apostado por formar parte de este proyecto<\/b>.<\/p>\n","protected":false},"excerpt":{"rendered":"<p>El pasado 21 de mayo celebramos la primera Asamblea Ordinaria de Socios del Cluster de Residuos de Catalu\u00f1a.<\/p>\n","protected":false},"author":1,"featured_media":3081,"comment_status":"open","ping_status":"closed","sticky":false,"template":"","format":"standard","meta":{"_acf_changed":false,"neve_meta_sidebar":"","neve_meta_container":"","neve_meta_enable_content_width":"off","neve_meta_content_width":70,"neve_meta_title_alignment":"","neve_meta_author_avatar":"","neve_post_elements_order":"","neve_meta_disable_header":"","neve_meta_disable_footer":"","neve_meta_disable_title":"","footnotes":""},"categories":[32],"tags":[],"class_list":["post-4663","post","type-post","status-publish","format-standard","has-post-thumbnail","hentry","category-sin-categorizar"],"acf":[],"yoast_head":"<!-- This site is optimized with the Yoast SEO plugin v27.2 - https:\/\/yoast.com\/product\/yoast-seo-wordpress\/ -->\n<title>I Asamblea General Ordinaria | CREC<\/title>\n<meta name=\"robots\" content=\"index, follow, max-snippet:-1, max-image-preview:large, max-video-preview:-1\" \/>\n<link rel=\"canonical\" href=\"https:\/\/www.crec.cat\/i-assemblea-general-ordinaria\/\" \/>\n<meta property=\"og:locale\" content=\"es_ES\" \/>\n<meta property=\"og:type\" content=\"article\" \/>\n<meta property=\"og:title\" content=\"I Asamblea General Ordinaria | CREC\" \/>\n<meta property=\"og:description\" content=\"El pasado 21 de mayo celebramos la primera Asamblea Ordinaria de Socios del Cluster de Residuos de Catalu\u00f1a.\" \/>\n<meta property=\"og:url\" content=\"https:\/\/www.crec.cat\/i-assemblea-general-ordinaria\/\" \/>\n<meta property=\"og:site_name\" content=\"CREC\" \/>\n<meta property=\"article:published_time\" content=\"2024-05-24T11:16:44+00:00\" \/>\n<meta property=\"og:image\" content=\"https:\/\/www.crec.cat\/wp-content\/uploads\/2024\/05\/assamnlea-general-ordinaria-1024x684.jpg\" \/>\n\t<meta property=\"og:image:width\" content=\"1024\" \/>\n\t<meta property=\"og:image:height\" content=\"684\" \/>\n\t<meta property=\"og:image:type\" content=\"image\/jpeg\" \/>\n<meta name=\"author\" content=\"Comunicaci\u00f3 Integral Neorg\" \/>\n<meta name=\"twitter:card\" content=\"summary_large_image\" \/>\n<meta name=\"twitter:creator\" content=\"@clusterresidus\" \/>\n<meta name=\"twitter:site\" content=\"@clusterresidus\" \/>\n<meta name=\"twitter:label1\" content=\"Escrito por\" \/>\n\t<meta name=\"twitter:data1\" content=\"Comunicaci\u00f3 Integral Neorg\" \/>\n\t<meta name=\"twitter:label2\" content=\"Tiempo de lectura\" \/>\n\t<meta name=\"twitter:data2\" content=\"1 minuto\" \/>\n<script type=\"application\/ld+json\" class=\"yoast-schema-graph\">{\"@context\":\"https:\/\/schema.org\",\"@graph\":[{\"@type\":\"Article\",\"@id\":\"https:\/\/www.crec.cat\/i-assemblea-general-ordinaria\/#article\",\"isPartOf\":{\"@id\":\"https:\/\/www.crec.cat\/i-assemblea-general-ordinaria\/\"},\"author\":{\"name\":\"Comunicaci\u00f3 Integral Neorg\",\"@id\":\"https:\/\/www.crec.cat\/#\/schema\/person\/c73860b525a62817f0819f60c9446cdb\"},\"headline\":\"I Asamblea General Ordinaria\",\"datePublished\":\"2024-05-24T11:16:44+00:00\",\"mainEntityOfPage\":{\"@id\":\"https:\/\/www.crec.cat\/i-assemblea-general-ordinaria\/\"},\"wordCount\":168,\"commentCount\":0,\"publisher\":{\"@id\":\"https:\/\/www.crec.cat\/#organization\"},\"image\":{\"@id\":\"https:\/\/www.crec.cat\/i-assemblea-general-ordinaria\/#primaryimage\"},\"thumbnailUrl\":\"https:\/\/www.crec.cat\/wp-content\/uploads\/2024\/05\/assamnlea-general-ordinaria.jpg\",\"articleSection\":[\"Sin categorizar\"],\"inLanguage\":\"es\",\"potentialAction\":[{\"@type\":\"CommentAction\",\"name\":\"Comment\",\"target\":[\"https:\/\/www.crec.cat\/i-assemblea-general-ordinaria\/#respond\"]}]},{\"@type\":\"WebPage\",\"@id\":\"https:\/\/www.crec.cat\/i-assemblea-general-ordinaria\/\",\"url\":\"https:\/\/www.crec.cat\/i-assemblea-general-ordinaria\/\",\"name\":\"I Asamblea General Ordinaria | CREC\",\"isPartOf\":{\"@id\":\"https:\/\/www.crec.cat\/#website\"},\"primaryImageOfPage\":{\"@id\":\"https:\/\/www.crec.cat\/i-assemblea-general-ordinaria\/#primaryimage\"},\"image\":{\"@id\":\"https:\/\/www.crec.cat\/i-assemblea-general-ordinaria\/#primaryimage\"},\"thumbnailUrl\":\"https:\/\/www.crec.cat\/wp-content\/uploads\/2024\/05\/assamnlea-general-ordinaria.jpg\",\"datePublished\":\"2024-05-24T11:16:44+00:00\",\"breadcrumb\":{\"@id\":\"https:\/\/www.crec.cat\/i-assemblea-general-ordinaria\/#breadcrumb\"},\"inLanguage\":\"es\",\"potentialAction\":[{\"@type\":\"ReadAction\",\"target\":[\"https:\/\/www.crec.cat\/i-assemblea-general-ordinaria\/\"]}]},{\"@type\":\"ImageObject\",\"inLanguage\":\"es\",\"@id\":\"https:\/\/www.crec.cat\/i-assemblea-general-ordinaria\/#primaryimage\",\"url\":\"https:\/\/www.crec.cat\/wp-content\/uploads\/2024\/05\/assamnlea-general-ordinaria.jpg\",\"contentUrl\":\"https:\/\/www.crec.cat\/wp-content\/uploads\/2024\/05\/assamnlea-general-ordinaria.jpg\",\"width\":2000,\"height\":1336},{\"@type\":\"BreadcrumbList\",\"@id\":\"https:\/\/www.crec.cat\/i-assemblea-general-ordinaria\/#breadcrumb\",\"itemListElement\":[{\"@type\":\"ListItem\",\"position\":1,\"name\":\"Inici\",\"item\":\"https:\/\/www.crec.cat\/es\/\"},{\"@type\":\"ListItem\",\"position\":2,\"name\":\"I Asamblea General Ordinaria\"}]},{\"@type\":\"WebSite\",\"@id\":\"https:\/\/www.crec.cat\/#website\",\"url\":\"https:\/\/www.crec.cat\/\",\"name\":\"CREC\",\"description\":\"Impulsem la competitivitat del sector de residus i l&#039;economia circular de Catalunya\",\"publisher\":{\"@id\":\"https:\/\/www.crec.cat\/#organization\"},\"alternateName\":\"Cl\u00faster de Residus de Catalunya\",\"potentialAction\":[{\"@type\":\"SearchAction\",\"target\":{\"@type\":\"EntryPoint\",\"urlTemplate\":\"https:\/\/www.crec.cat\/?s={search_term_string}\"},\"query-input\":{\"@type\":\"PropertyValueSpecification\",\"valueRequired\":true,\"valueName\":\"search_term_string\"}}],\"inLanguage\":\"es\"},{\"@type\":\"Organization\",\"@id\":\"https:\/\/www.crec.cat\/#organization\",\"name\":\"CREC\",\"alternateName\":\"CREC\",\"url\":\"https:\/\/www.crec.cat\/\",\"logo\":{\"@type\":\"ImageObject\",\"inLanguage\":\"es\",\"@id\":\"https:\/\/www.crec.cat\/#\/schema\/logo\/image\/\",\"url\":\"https:\/\/www.crec.cat\/wp-content\/uploads\/2021\/04\/Favicon-CREC.png\",\"contentUrl\":\"https:\/\/www.crec.cat\/wp-content\/uploads\/2021\/04\/Favicon-CREC.png\",\"width\":2134,\"height\":2134,\"caption\":\"CREC\"},\"image\":{\"@id\":\"https:\/\/www.crec.cat\/#\/schema\/logo\/image\/\"},\"sameAs\":[\"https:\/\/x.com\/clusterresidus\",\"https:\/\/www.linkedin.com\/company\/cluster-de-residus-de-catalunya\/\"]},{\"@type\":\"Person\",\"@id\":\"https:\/\/www.crec.cat\/#\/schema\/person\/c73860b525a62817f0819f60c9446cdb\",\"name\":\"Comunicaci\u00f3 Integral Neorg\",\"image\":{\"@type\":\"ImageObject\",\"inLanguage\":\"es\",\"@id\":\"https:\/\/secure.gravatar.com\/avatar\/709d3d8015183afa7401c02e2291a538cbfd4ffe62f4d86ce5f4871f22e86b09?s=96&d=mm&r=g\",\"url\":\"https:\/\/secure.gravatar.com\/avatar\/709d3d8015183afa7401c02e2291a538cbfd4ffe62f4d86ce5f4871f22e86b09?s=96&d=mm&r=g\",\"contentUrl\":\"https:\/\/secure.gravatar.com\/avatar\/709d3d8015183afa7401c02e2291a538cbfd4ffe62f4d86ce5f4871f22e86b09?s=96&d=mm&r=g\",\"caption\":\"Comunicaci\u00f3 Integral Neorg\"},\"sameAs\":[\"https:\/\/www.crec.cat\"]}]}<\/script>\n<!-- \/ Yoast SEO plugin. -->","yoast_head_json":{"title":"I Asamblea General Ordinaria | CREC","robots":{"index":"index","follow":"follow","max-snippet":"max-snippet:-1","max-image-preview":"max-image-preview:large","max-video-preview":"max-video-preview:-1"},"canonical":"https:\/\/www.crec.cat\/i-assemblea-general-ordinaria\/","og_locale":"es_ES","og_type":"article","og_title":"I Asamblea General Ordinaria | CREC","og_description":"El pasado 21 de mayo celebramos la primera Asamblea Ordinaria de Socios del Cluster de Residuos de Catalu\u00f1a.","og_url":"https:\/\/www.crec.cat\/i-assemblea-general-ordinaria\/","og_site_name":"CREC","article_published_time":"2024-05-24T11:16:44+00:00","og_image":[{"width":1024,"height":684,"url":"https:\/\/www.crec.cat\/wp-content\/uploads\/2024\/05\/assamnlea-general-ordinaria-1024x684.jpg","type":"image\/jpeg"}],"author":"Comunicaci\u00f3 Integral Neorg","twitter_card":"summary_large_image","twitter_creator":"@clusterresidus","twitter_site":"@clusterresidus","twitter_misc":{"Escrito por":"Comunicaci\u00f3 Integral Neorg","Tiempo de lectura":"1 minuto"},"schema":{"@context":"https:\/\/schema.org","@graph":[{"@type":"Article","@id":"https:\/\/www.crec.cat\/i-assemblea-general-ordinaria\/#article","isPartOf":{"@id":"https:\/\/www.crec.cat\/i-assemblea-general-ordinaria\/"},"author":{"name":"Comunicaci\u00f3 Integral Neorg","@id":"https:\/\/www.crec.cat\/#\/schema\/person\/c73860b525a62817f0819f60c9446cdb"},"headline":"I Asamblea General Ordinaria","datePublished":"2024-05-24T11:16:44+00:00","mainEntityOfPage":{"@id":"https:\/\/www.crec.cat\/i-assemblea-general-ordinaria\/"},"wordCount":168,"commentCount":0,"publisher":{"@id":"https:\/\/www.crec.cat\/#organization"},"image":{"@id":"https:\/\/www.crec.cat\/i-assemblea-general-ordinaria\/#primaryimage"},"thumbnailUrl":"https:\/\/www.crec.cat\/wp-content\/uploads\/2024\/05\/assamnlea-general-ordinaria.jpg","articleSection":["Sin categorizar"],"inLanguage":"es","potentialAction":[{"@type":"CommentAction","name":"Comment","target":["https:\/\/www.crec.cat\/i-assemblea-general-ordinaria\/#respond"]}]},{"@type":"WebPage","@id":"https:\/\/www.crec.cat\/i-assemblea-general-ordinaria\/","url":"https:\/\/www.crec.cat\/i-assemblea-general-ordinaria\/","name":"I Asamblea General Ordinaria | CREC","isPartOf":{"@id":"https:\/\/www.crec.cat\/#website"},"primaryImageOfPage":{"@id":"https:\/\/www.crec.cat\/i-assemblea-general-ordinaria\/#primaryimage"},"image":{"@id":"https:\/\/www.crec.cat\/i-assemblea-general-ordinaria\/#primaryimage"},"thumbnailUrl":"https:\/\/www.crec.cat\/wp-content\/uploads\/2024\/05\/assamnlea-general-ordinaria.jpg","datePublished":"2024-05-24T11:16:44+00:00","breadcrumb":{"@id":"https:\/\/www.crec.cat\/i-assemblea-general-ordinaria\/#breadcrumb"},"inLanguage":"es","potentialAction":[{"@type":"ReadAction","target":["https:\/\/www.crec.cat\/i-assemblea-general-ordinaria\/"]}]},{"@type":"ImageObject","inLanguage":"es","@id":"https:\/\/www.crec.cat\/i-assemblea-general-ordinaria\/#primaryimage","url":"https:\/\/www.crec.cat\/wp-content\/uploads\/2024\/05\/assamnlea-general-ordinaria.jpg","contentUrl":"https:\/\/www.crec.cat\/wp-content\/uploads\/2024\/05\/assamnlea-general-ordinaria.jpg","width":2000,"height":1336},{"@type":"BreadcrumbList","@id":"https:\/\/www.crec.cat\/i-assemblea-general-ordinaria\/#breadcrumb","itemListElement":[{"@type":"ListItem","position":1,"name":"Inici","item":"https:\/\/www.crec.cat\/es\/"},{"@type":"ListItem","position":2,"name":"I Asamblea General Ordinaria"}]},{"@type":"WebSite","@id":"https:\/\/www.crec.cat\/#website","url":"https:\/\/www.crec.cat\/","name":"CREC","description":"Impulsem la competitivitat del sector de residus i l&#039;economia circular de Catalunya","publisher":{"@id":"https:\/\/www.crec.cat\/#organization"},"alternateName":"Cl\u00faster de Residus de Catalunya","potentialAction":[{"@type":"SearchAction","target":{"@type":"EntryPoint","urlTemplate":"https:\/\/www.crec.cat\/?s={search_term_string}"},"query-input":{"@type":"PropertyValueSpecification","valueRequired":true,"valueName":"search_term_string"}}],"inLanguage":"es"},{"@type":"Organization","@id":"https:\/\/www.crec.cat\/#organization","name":"CREC","alternateName":"CREC","url":"https:\/\/www.crec.cat\/","logo":{"@type":"ImageObject","inLanguage":"es","@id":"https:\/\/www.crec.cat\/#\/schema\/logo\/image\/","url":"https:\/\/www.crec.cat\/wp-content\/uploads\/2021\/04\/Favicon-CREC.png","contentUrl":"https:\/\/www.crec.cat\/wp-content\/uploads\/2021\/04\/Favicon-CREC.png","width":2134,"height":2134,"caption":"CREC"},"image":{"@id":"https:\/\/www.crec.cat\/#\/schema\/logo\/image\/"},"sameAs":["https:\/\/x.com\/clusterresidus","https:\/\/www.linkedin.com\/company\/cluster-de-residus-de-catalunya\/"]},{"@type":"Person","@id":"https:\/\/www.crec.cat\/#\/schema\/person\/c73860b525a62817f0819f60c9446cdb","name":"Comunicaci\u00f3 Integral Neorg","image":{"@type":"ImageObject","inLanguage":"es","@id":"https:\/\/secure.gravatar.com\/avatar\/709d3d8015183afa7401c02e2291a538cbfd4ffe62f4d86ce5f4871f22e86b09?s=96&d=mm&r=g","url":"https:\/\/secure.gravatar.com\/avatar\/709d3d8015183afa7401c02e2291a538cbfd4ffe62f4d86ce5f4871f22e86b09?s=96&d=mm&r=g","contentUrl":"https:\/\/secure.gravatar.com\/avatar\/709d3d8015183afa7401c02e2291a538cbfd4ffe62f4d86ce5f4871f22e86b09?s=96&d=mm&r=g","caption":"Comunicaci\u00f3 Integral Neorg"},"sameAs":["https:\/\/www.crec.cat"]}]}},"_links":{"self":[{"href":"https:\/\/www.crec.cat\/es\/wp-json\/wp\/v2\/posts\/4663","targetHints":{"allow":["GET"]}}],"collection":[{"href":"https:\/\/www.crec.cat\/es\/wp-json\/wp\/v2\/posts"}],"about":[{"href":"https:\/\/www.crec.cat\/es\/wp-json\/wp\/v2\/types\/post"}],"author":[{"embeddable":true,"href":"https:\/\/www.crec.cat\/es\/wp-json\/wp\/v2\/users\/1"}],"replies":[{"embeddable":true,"href":"https:\/\/www.crec.cat\/es\/wp-json\/wp\/v2\/comments?post=4663"}],"version-history":[{"count":0,"href":"https:\/\/www.crec.cat\/es\/wp-json\/wp\/v2\/posts\/4663\/revisions"}],"wp:featuredmedia":[{"embeddable":true,"href":"https:\/\/www.crec.cat\/es\/wp-json\/wp\/v2\/media\/3081"}],"wp:attachment":[{"href":"https:\/\/www.crec.cat\/es\/wp-json\/wp\/v2\/media?parent=4663"}],"wp:term":[{"taxonomy":"category","embeddable":true,"href":"https:\/\/www.crec.cat\/es\/wp-json\/wp\/v2\/categories?post=4663"},{"taxonomy":"post_tag","embeddable":true,"href":"https:\/\/www.crec.cat\/es\/wp-json\/wp\/v2\/tags?post=4663"}],"curies":[{"name":"wp","href":"https:\/\/api.w.org\/{rel}","templated":true}]}}