{"id":4660,"date":"2024-07-24T13:16:54","date_gmt":"2024-07-24T11:16:54","guid":{"rendered":"https:\/\/www.crec.cat\/gt-sistemas-de-recogida-eficientes-visitamos-el-proyecto-piloto-de-la-conca-de-barbera\/"},"modified":"2024-07-24T13:16:54","modified_gmt":"2024-07-24T11:16:54","slug":"gt-sistemas-de-recogida-eficientes-visitamos-el-proyecto-piloto-de-la-conca-de-barbera","status":"publish","type":"post","link":"https:\/\/www.crec.cat\/es\/gt-sistemas-de-recogida-eficientes-visitamos-el-proyecto-piloto-de-la-conca-de-barbera\/","title":{"rendered":"GT Sistemas de Recogida Eficientes, visitamos el proyecto piloto de la Conca de Barber\u00e0"},"content":{"rendered":"<p>Este grupo de trabajo, formado por un reducido n\u00famero de socios del cluster, est\u00e1 enfocado en mejorar los sistemas actuales de recogida de residuos municipales, reduciendo as\u00ed la presencia de impropios (residuos que no corresponden a la fracci\u00f3n en cuesti\u00f3n) para obtener materiales y\/o recursos de buena calidad. Siguiendo las propuestas y necesidades identificadas en las sesiones anteriores, en esta ocasi\u00f3n visitamos el Proyecto Piloto de la Conca de Barber\u00e0.<\/p>\n<p>Este proyecto es un modelo que incluye los 22 municipios de la comarca, y se basa en dos sistemas diferenciados: la recogida en contenedores cerrados de org\u00e1nica y resto en los n\u00facleos m\u00e1s peque\u00f1os, y la recogida puerta a puerta en los n\u00facleos m\u00e1s grandes.<\/p>\n<p>De la mano del equipo comarcal responsable y de la empresa privada que realiza el servicio, realizamos un recorrido por el Centro de Tratamiento de residuos de la Conca de Barber\u00e0. Adem\u00e1s, conocimos los datos reales de recogida, resolvimos dudas e identificamos los problemas que se est\u00e1n encontrando para ofrecer soluciones desde el Cluster y contribuir en este proceso de mejora continua.<\/p>\n<p>Esta es la primera visita del grupo de trabajo a un CPI, y seguiremos organizando visitas a otros proyectos de sistemas de recogida eficientes en funcionamiento en Catalu\u00f1a.<\/p>\n","protected":false},"excerpt":{"rendered":"<p>En el marco del grupo de Trabajo de Sistemas de Recogida Eficientes del Cluster de Residuos, el 10 de julio visitamos el proyecto Piloto de la Conca de Barber\u00e0.<\/p>\n","protected":false},"author":1,"featured_media":3343,"comment_status":"open","ping_status":"closed","sticky":false,"template":"","format":"standard","meta":{"_acf_changed":false,"neve_meta_sidebar":"","neve_meta_container":"","neve_meta_enable_content_width":"off","neve_meta_content_width":70,"neve_meta_title_alignment":"","neve_meta_author_avatar":"","neve_post_elements_order":"","neve_meta_disable_header":"","neve_meta_disable_footer":"","neve_meta_disable_title":"","footnotes":""},"categories":[32],"tags":[],"class_list":["post-4660","post","type-post","status-publish","format-standard","has-post-thumbnail","hentry","category-sin-categorizar"],"acf":[],"yoast_head":"<!-- This site is optimized with the Yoast SEO plugin v27.2 - https:\/\/yoast.com\/product\/yoast-seo-wordpress\/ -->\n<title>GT Sistemas de Recogida Eficientes, visitamos el proyecto piloto de la Conca de Barber\u00e0 | CREC<\/title>\n<meta name=\"robots\" content=\"index, follow, max-snippet:-1, max-image-preview:large, max-video-preview:-1\" \/>\n<link rel=\"canonical\" href=\"https:\/\/www.crec.cat\/gt-sistemes-de-recollida-eficients-visitem-el-projecte-pilot-de-la-conca-de-barbera\/\" \/>\n<meta property=\"og:locale\" content=\"es_ES\" \/>\n<meta property=\"og:type\" content=\"article\" \/>\n<meta property=\"og:title\" content=\"GT Sistemas de Recogida Eficientes, visitamos el proyecto piloto de la Conca de Barber\u00e0 | CREC\" \/>\n<meta property=\"og:description\" content=\"En el marco del grupo de Trabajo de Sistemas de Recogida Eficientes del Cluster de Residuos, el 10 de julio visitamos el proyecto Piloto de la Conca de Barber\u00e0.\" \/>\n<meta property=\"og:url\" content=\"https:\/\/www.crec.cat\/gt-sistemes-de-recollida-eficients-visitem-el-projecte-pilot-de-la-conca-de-barbera\/\" \/>\n<meta property=\"og:site_name\" content=\"CREC\" \/>\n<meta property=\"article:published_time\" content=\"2024-07-24T11:16:54+00:00\" \/>\n<meta property=\"og:image\" content=\"https:\/\/www.crec.cat\/wp-content\/uploads\/2024\/05\/gt-sistemes-recollida.jpg\" \/>\n\t<meta property=\"og:image:width\" content=\"1600\" \/>\n\t<meta property=\"og:image:height\" content=\"900\" \/>\n\t<meta property=\"og:image:type\" content=\"image\/jpeg\" \/>\n<meta name=\"author\" content=\"Comunicaci\u00f3 Integral Neorg\" \/>\n<meta name=\"twitter:card\" content=\"summary_large_image\" \/>\n<meta name=\"twitter:creator\" content=\"@clusterresidus\" \/>\n<meta name=\"twitter:site\" content=\"@clusterresidus\" \/>\n<meta name=\"twitter:label1\" content=\"Escrito por\" \/>\n\t<meta name=\"twitter:data1\" content=\"Comunicaci\u00f3 Integral Neorg\" \/>\n\t<meta name=\"twitter:label2\" content=\"Tiempo de lectura\" \/>\n\t<meta name=\"twitter:data2\" content=\"1 minuto\" \/>\n<script type=\"application\/ld+json\" class=\"yoast-schema-graph\">{\"@context\":\"https:\/\/schema.org\",\"@graph\":[{\"@type\":\"Article\",\"@id\":\"https:\/\/www.crec.cat\/gt-sistemes-de-recollida-eficients-visitem-el-projecte-pilot-de-la-conca-de-barbera\/#article\",\"isPartOf\":{\"@id\":\"https:\/\/www.crec.cat\/gt-sistemes-de-recollida-eficients-visitem-el-projecte-pilot-de-la-conca-de-barbera\/\"},\"author\":{\"name\":\"Comunicaci\u00f3 Integral Neorg\",\"@id\":\"https:\/\/www.crec.cat\/#\/schema\/person\/c73860b525a62817f0819f60c9446cdb\"},\"headline\":\"GT Sistemas de Recogida Eficientes, visitamos el proyecto piloto de la Conca de Barber\u00e0\",\"datePublished\":\"2024-07-24T11:16:54+00:00\",\"mainEntityOfPage\":{\"@id\":\"https:\/\/www.crec.cat\/gt-sistemes-de-recollida-eficients-visitem-el-projecte-pilot-de-la-conca-de-barbera\/\"},\"wordCount\":232,\"commentCount\":0,\"publisher\":{\"@id\":\"https:\/\/www.crec.cat\/#organization\"},\"image\":{\"@id\":\"https:\/\/www.crec.cat\/gt-sistemes-de-recollida-eficients-visitem-el-projecte-pilot-de-la-conca-de-barbera\/#primaryimage\"},\"thumbnailUrl\":\"https:\/\/www.crec.cat\/wp-content\/uploads\/2024\/05\/gt-sistemes-recollida.jpg\",\"articleSection\":[\"Sin categorizar\"],\"inLanguage\":\"es\",\"potentialAction\":[{\"@type\":\"CommentAction\",\"name\":\"Comment\",\"target\":[\"https:\/\/www.crec.cat\/gt-sistemes-de-recollida-eficients-visitem-el-projecte-pilot-de-la-conca-de-barbera\/#respond\"]}]},{\"@type\":\"WebPage\",\"@id\":\"https:\/\/www.crec.cat\/gt-sistemes-de-recollida-eficients-visitem-el-projecte-pilot-de-la-conca-de-barbera\/\",\"url\":\"https:\/\/www.crec.cat\/gt-sistemes-de-recollida-eficients-visitem-el-projecte-pilot-de-la-conca-de-barbera\/\",\"name\":\"GT Sistemas de Recogida Eficientes, visitamos el proyecto piloto de la Conca de Barber\u00e0 | CREC\",\"isPartOf\":{\"@id\":\"https:\/\/www.crec.cat\/#website\"},\"primaryImageOfPage\":{\"@id\":\"https:\/\/www.crec.cat\/gt-sistemes-de-recollida-eficients-visitem-el-projecte-pilot-de-la-conca-de-barbera\/#primaryimage\"},\"image\":{\"@id\":\"https:\/\/www.crec.cat\/gt-sistemes-de-recollida-eficients-visitem-el-projecte-pilot-de-la-conca-de-barbera\/#primaryimage\"},\"thumbnailUrl\":\"https:\/\/www.crec.cat\/wp-content\/uploads\/2024\/05\/gt-sistemes-recollida.jpg\",\"datePublished\":\"2024-07-24T11:16:54+00:00\",\"breadcrumb\":{\"@id\":\"https:\/\/www.crec.cat\/gt-sistemes-de-recollida-eficients-visitem-el-projecte-pilot-de-la-conca-de-barbera\/#breadcrumb\"},\"inLanguage\":\"es\",\"potentialAction\":[{\"@type\":\"ReadAction\",\"target\":[\"https:\/\/www.crec.cat\/gt-sistemes-de-recollida-eficients-visitem-el-projecte-pilot-de-la-conca-de-barbera\/\"]}]},{\"@type\":\"ImageObject\",\"inLanguage\":\"es\",\"@id\":\"https:\/\/www.crec.cat\/gt-sistemes-de-recollida-eficients-visitem-el-projecte-pilot-de-la-conca-de-barbera\/#primaryimage\",\"url\":\"https:\/\/www.crec.cat\/wp-content\/uploads\/2024\/05\/gt-sistemes-recollida.jpg\",\"contentUrl\":\"https:\/\/www.crec.cat\/wp-content\/uploads\/2024\/05\/gt-sistemes-recollida.jpg\",\"width\":1600,\"height\":900},{\"@type\":\"BreadcrumbList\",\"@id\":\"https:\/\/www.crec.cat\/gt-sistemes-de-recollida-eficients-visitem-el-projecte-pilot-de-la-conca-de-barbera\/#breadcrumb\",\"itemListElement\":[{\"@type\":\"ListItem\",\"position\":1,\"name\":\"Inici\",\"item\":\"https:\/\/www.crec.cat\/es\/\"},{\"@type\":\"ListItem\",\"position\":2,\"name\":\"GT Sistemas de Recogida Eficientes, visitamos el proyecto piloto de la Conca de Barber\u00e0\"}]},{\"@type\":\"WebSite\",\"@id\":\"https:\/\/www.crec.cat\/#website\",\"url\":\"https:\/\/www.crec.cat\/\",\"name\":\"CREC\",\"description\":\"Impulsem la competitivitat del sector de residus i l&#039;economia circular de Catalunya\",\"publisher\":{\"@id\":\"https:\/\/www.crec.cat\/#organization\"},\"alternateName\":\"Cl\u00faster de Residus de Catalunya\",\"potentialAction\":[{\"@type\":\"SearchAction\",\"target\":{\"@type\":\"EntryPoint\",\"urlTemplate\":\"https:\/\/www.crec.cat\/?s={search_term_string}\"},\"query-input\":{\"@type\":\"PropertyValueSpecification\",\"valueRequired\":true,\"valueName\":\"search_term_string\"}}],\"inLanguage\":\"es\"},{\"@type\":\"Organization\",\"@id\":\"https:\/\/www.crec.cat\/#organization\",\"name\":\"CREC\",\"alternateName\":\"CREC\",\"url\":\"https:\/\/www.crec.cat\/\",\"logo\":{\"@type\":\"ImageObject\",\"inLanguage\":\"es\",\"@id\":\"https:\/\/www.crec.cat\/#\/schema\/logo\/image\/\",\"url\":\"https:\/\/www.crec.cat\/wp-content\/uploads\/2021\/04\/Favicon-CREC.png\",\"contentUrl\":\"https:\/\/www.crec.cat\/wp-content\/uploads\/2021\/04\/Favicon-CREC.png\",\"width\":2134,\"height\":2134,\"caption\":\"CREC\"},\"image\":{\"@id\":\"https:\/\/www.crec.cat\/#\/schema\/logo\/image\/\"},\"sameAs\":[\"https:\/\/x.com\/clusterresidus\",\"https:\/\/www.linkedin.com\/company\/cluster-de-residus-de-catalunya\/\"]},{\"@type\":\"Person\",\"@id\":\"https:\/\/www.crec.cat\/#\/schema\/person\/c73860b525a62817f0819f60c9446cdb\",\"name\":\"Comunicaci\u00f3 Integral Neorg\",\"image\":{\"@type\":\"ImageObject\",\"inLanguage\":\"es\",\"@id\":\"https:\/\/secure.gravatar.com\/avatar\/709d3d8015183afa7401c02e2291a538cbfd4ffe62f4d86ce5f4871f22e86b09?s=96&d=mm&r=g\",\"url\":\"https:\/\/secure.gravatar.com\/avatar\/709d3d8015183afa7401c02e2291a538cbfd4ffe62f4d86ce5f4871f22e86b09?s=96&d=mm&r=g\",\"contentUrl\":\"https:\/\/secure.gravatar.com\/avatar\/709d3d8015183afa7401c02e2291a538cbfd4ffe62f4d86ce5f4871f22e86b09?s=96&d=mm&r=g\",\"caption\":\"Comunicaci\u00f3 Integral Neorg\"},\"sameAs\":[\"https:\/\/www.crec.cat\"]}]}<\/script>\n<!-- \/ Yoast SEO plugin. -->","yoast_head_json":{"title":"GT Sistemas de Recogida Eficientes, visitamos el proyecto piloto de la Conca de Barber\u00e0 | CREC","robots":{"index":"index","follow":"follow","max-snippet":"max-snippet:-1","max-image-preview":"max-image-preview:large","max-video-preview":"max-video-preview:-1"},"canonical":"https:\/\/www.crec.cat\/gt-sistemes-de-recollida-eficients-visitem-el-projecte-pilot-de-la-conca-de-barbera\/","og_locale":"es_ES","og_type":"article","og_title":"GT Sistemas de Recogida Eficientes, visitamos el proyecto piloto de la Conca de Barber\u00e0 | CREC","og_description":"En el marco del grupo de Trabajo de Sistemas de Recogida Eficientes del Cluster de Residuos, el 10 de julio visitamos el proyecto Piloto de la Conca de Barber\u00e0.","og_url":"https:\/\/www.crec.cat\/gt-sistemes-de-recollida-eficients-visitem-el-projecte-pilot-de-la-conca-de-barbera\/","og_site_name":"CREC","article_published_time":"2024-07-24T11:16:54+00:00","og_image":[{"width":1600,"height":900,"url":"https:\/\/www.crec.cat\/wp-content\/uploads\/2024\/05\/gt-sistemes-recollida.jpg","type":"image\/jpeg"}],"author":"Comunicaci\u00f3 Integral Neorg","twitter_card":"summary_large_image","twitter_creator":"@clusterresidus","twitter_site":"@clusterresidus","twitter_misc":{"Escrito por":"Comunicaci\u00f3 Integral Neorg","Tiempo de lectura":"1 minuto"},"schema":{"@context":"https:\/\/schema.org","@graph":[{"@type":"Article","@id":"https:\/\/www.crec.cat\/gt-sistemes-de-recollida-eficients-visitem-el-projecte-pilot-de-la-conca-de-barbera\/#article","isPartOf":{"@id":"https:\/\/www.crec.cat\/gt-sistemes-de-recollida-eficients-visitem-el-projecte-pilot-de-la-conca-de-barbera\/"},"author":{"name":"Comunicaci\u00f3 Integral Neorg","@id":"https:\/\/www.crec.cat\/#\/schema\/person\/c73860b525a62817f0819f60c9446cdb"},"headline":"GT Sistemas de Recogida Eficientes, visitamos el proyecto piloto de la Conca de Barber\u00e0","datePublished":"2024-07-24T11:16:54+00:00","mainEntityOfPage":{"@id":"https:\/\/www.crec.cat\/gt-sistemes-de-recollida-eficients-visitem-el-projecte-pilot-de-la-conca-de-barbera\/"},"wordCount":232,"commentCount":0,"publisher":{"@id":"https:\/\/www.crec.cat\/#organization"},"image":{"@id":"https:\/\/www.crec.cat\/gt-sistemes-de-recollida-eficients-visitem-el-projecte-pilot-de-la-conca-de-barbera\/#primaryimage"},"thumbnailUrl":"https:\/\/www.crec.cat\/wp-content\/uploads\/2024\/05\/gt-sistemes-recollida.jpg","articleSection":["Sin categorizar"],"inLanguage":"es","potentialAction":[{"@type":"CommentAction","name":"Comment","target":["https:\/\/www.crec.cat\/gt-sistemes-de-recollida-eficients-visitem-el-projecte-pilot-de-la-conca-de-barbera\/#respond"]}]},{"@type":"WebPage","@id":"https:\/\/www.crec.cat\/gt-sistemes-de-recollida-eficients-visitem-el-projecte-pilot-de-la-conca-de-barbera\/","url":"https:\/\/www.crec.cat\/gt-sistemes-de-recollida-eficients-visitem-el-projecte-pilot-de-la-conca-de-barbera\/","name":"GT Sistemas de Recogida Eficientes, visitamos el proyecto piloto de la Conca de Barber\u00e0 | CREC","isPartOf":{"@id":"https:\/\/www.crec.cat\/#website"},"primaryImageOfPage":{"@id":"https:\/\/www.crec.cat\/gt-sistemes-de-recollida-eficients-visitem-el-projecte-pilot-de-la-conca-de-barbera\/#primaryimage"},"image":{"@id":"https:\/\/www.crec.cat\/gt-sistemes-de-recollida-eficients-visitem-el-projecte-pilot-de-la-conca-de-barbera\/#primaryimage"},"thumbnailUrl":"https:\/\/www.crec.cat\/wp-content\/uploads\/2024\/05\/gt-sistemes-recollida.jpg","datePublished":"2024-07-24T11:16:54+00:00","breadcrumb":{"@id":"https:\/\/www.crec.cat\/gt-sistemes-de-recollida-eficients-visitem-el-projecte-pilot-de-la-conca-de-barbera\/#breadcrumb"},"inLanguage":"es","potentialAction":[{"@type":"ReadAction","target":["https:\/\/www.crec.cat\/gt-sistemes-de-recollida-eficients-visitem-el-projecte-pilot-de-la-conca-de-barbera\/"]}]},{"@type":"ImageObject","inLanguage":"es","@id":"https:\/\/www.crec.cat\/gt-sistemes-de-recollida-eficients-visitem-el-projecte-pilot-de-la-conca-de-barbera\/#primaryimage","url":"https:\/\/www.crec.cat\/wp-content\/uploads\/2024\/05\/gt-sistemes-recollida.jpg","contentUrl":"https:\/\/www.crec.cat\/wp-content\/uploads\/2024\/05\/gt-sistemes-recollida.jpg","width":1600,"height":900},{"@type":"BreadcrumbList","@id":"https:\/\/www.crec.cat\/gt-sistemes-de-recollida-eficients-visitem-el-projecte-pilot-de-la-conca-de-barbera\/#breadcrumb","itemListElement":[{"@type":"ListItem","position":1,"name":"Inici","item":"https:\/\/www.crec.cat\/es\/"},{"@type":"ListItem","position":2,"name":"GT Sistemas de Recogida Eficientes, visitamos el proyecto piloto de la Conca de Barber\u00e0"}]},{"@type":"WebSite","@id":"https:\/\/www.crec.cat\/#website","url":"https:\/\/www.crec.cat\/","name":"CREC","description":"Impulsem la competitivitat del sector de residus i l&#039;economia circular de Catalunya","publisher":{"@id":"https:\/\/www.crec.cat\/#organization"},"alternateName":"Cl\u00faster de Residus de Catalunya","potentialAction":[{"@type":"SearchAction","target":{"@type":"EntryPoint","urlTemplate":"https:\/\/www.crec.cat\/?s={search_term_string}"},"query-input":{"@type":"PropertyValueSpecification","valueRequired":true,"valueName":"search_term_string"}}],"inLanguage":"es"},{"@type":"Organization","@id":"https:\/\/www.crec.cat\/#organization","name":"CREC","alternateName":"CREC","url":"https:\/\/www.crec.cat\/","logo":{"@type":"ImageObject","inLanguage":"es","@id":"https:\/\/www.crec.cat\/#\/schema\/logo\/image\/","url":"https:\/\/www.crec.cat\/wp-content\/uploads\/2021\/04\/Favicon-CREC.png","contentUrl":"https:\/\/www.crec.cat\/wp-content\/uploads\/2021\/04\/Favicon-CREC.png","width":2134,"height":2134,"caption":"CREC"},"image":{"@id":"https:\/\/www.crec.cat\/#\/schema\/logo\/image\/"},"sameAs":["https:\/\/x.com\/clusterresidus","https:\/\/www.linkedin.com\/company\/cluster-de-residus-de-catalunya\/"]},{"@type":"Person","@id":"https:\/\/www.crec.cat\/#\/schema\/person\/c73860b525a62817f0819f60c9446cdb","name":"Comunicaci\u00f3 Integral Neorg","image":{"@type":"ImageObject","inLanguage":"es","@id":"https:\/\/secure.gravatar.com\/avatar\/709d3d8015183afa7401c02e2291a538cbfd4ffe62f4d86ce5f4871f22e86b09?s=96&d=mm&r=g","url":"https:\/\/secure.gravatar.com\/avatar\/709d3d8015183afa7401c02e2291a538cbfd4ffe62f4d86ce5f4871f22e86b09?s=96&d=mm&r=g","contentUrl":"https:\/\/secure.gravatar.com\/avatar\/709d3d8015183afa7401c02e2291a538cbfd4ffe62f4d86ce5f4871f22e86b09?s=96&d=mm&r=g","caption":"Comunicaci\u00f3 Integral Neorg"},"sameAs":["https:\/\/www.crec.cat"]}]}},"_links":{"self":[{"href":"https:\/\/www.crec.cat\/es\/wp-json\/wp\/v2\/posts\/4660","targetHints":{"allow":["GET"]}}],"collection":[{"href":"https:\/\/www.crec.cat\/es\/wp-json\/wp\/v2\/posts"}],"about":[{"href":"https:\/\/www.crec.cat\/es\/wp-json\/wp\/v2\/types\/post"}],"author":[{"embeddable":true,"href":"https:\/\/www.crec.cat\/es\/wp-json\/wp\/v2\/users\/1"}],"replies":[{"embeddable":true,"href":"https:\/\/www.crec.cat\/es\/wp-json\/wp\/v2\/comments?post=4660"}],"version-history":[{"count":0,"href":"https:\/\/www.crec.cat\/es\/wp-json\/wp\/v2\/posts\/4660\/revisions"}],"wp:featuredmedia":[{"embeddable":true,"href":"https:\/\/www.crec.cat\/es\/wp-json\/wp\/v2\/media\/3343"}],"wp:attachment":[{"href":"https:\/\/www.crec.cat\/es\/wp-json\/wp\/v2\/media?parent=4660"}],"wp:term":[{"taxonomy":"category","embeddable":true,"href":"https:\/\/www.crec.cat\/es\/wp-json\/wp\/v2\/categories?post=4660"},{"taxonomy":"post_tag","embeddable":true,"href":"https:\/\/www.crec.cat\/es\/wp-json\/wp\/v2\/tags?post=4660"}],"curies":[{"name":"wp","href":"https:\/\/api.w.org\/{rel}","templated":true}]}}