{"id":6672,"global_id":"www.crec.cat\/es\/?id=6672","global_id_lineage":["www.crec.cat\/es\/?id=6672"],"author":"2","status":"publish","date":"2026-03-17 11:33:11","date_utc":"2026-03-17 10:33:11","modified":"2026-03-27 12:20:36","modified_utc":"2026-03-27 11:20:36","url":"https:\/\/www.crec.cat\/es\/esdeveniment\/asamblea-ordinaria-del-crec-2026\/","rest_url":"https:\/\/www.crec.cat\/es\/wp-json\/tribe\/events\/v1\/events\/6672","title":"Asamblea Ordinaria del CREC 2026","description":"<p data-start=\"0\" data-end=\"70\">El d\u00eda <strong>19 de mayo<\/strong> celebraremos la <strong>Asamblea General Ordinaria del CREC.<\/strong><\/p>\n<p data-start=\"72\" data-end=\"106\">Este es el programa de la jornada:<\/p>\n<p data-start=\"108\" data-end=\"200\"><strong>10:45 h<\/strong> \u2013 Recepci\u00f3n de asistentes y acreditaciones<br data-start=\"158\" data-end=\"161\" \/><strong>11:00 h<\/strong> \u2013 Bienvenida de la Presidenta<\/p>\n<p data-start=\"202\" data-end=\"240\"><strong>11:15 h<\/strong> \u2013 Asamblea General Ordinaria<\/p>\n<p data-start=\"242\" data-end=\"406\"><strong>12:45 h<\/strong> \u2013 Conferencia a cargo de Josep Martorell, experto en estrategia tecnol\u00f3gica, supercomputaci\u00f3n e inteligencia artificial.<br data-start=\"370\" data-end=\"373\" \/><strong>13:45 h<\/strong> \u2013 Almuerzo y networking<\/p>\n<p data-start=\"408\" data-end=\"437\"><strong>15:30 h<\/strong> \u2013 Fin de la jornada<\/p>\n<p data-start=\"439\" data-end=\"512\">La Asamblea tendr\u00e1 lugar en Barcelona Circular, las oficinas del Cl\u00faster.<\/p>\n<p data-start=\"514\" data-end=\"528\" data-is-last-node=\"\" data-is-only-node=\"\">\u00a1Te esperamos!<\/p>","excerpt":"<p>El pr\u00f3ximo 19 de mayo de 2026 est\u00e1 convocada la Asamblea General Ordinaria del CREC, Cl\u00faster de Residuos de Catalu\u00f1a. \u00a1INSCRIPCIONES PR\u00d3XIMAMENTE!<\/p>","slug":"asamblea-ordinaria-del-crec-2026","image":{"url":"https:\/\/www.crec.cat\/wp-content\/uploads\/2026\/03\/Imatges-WEB-Agenda.png","id":6671,"extension":"png","width":1748,"height":1240,"filesize":853370,"sizes":{"medium":{"width":300,"height":213,"mime-type":"image\/png","filesize":38617,"url":"https:\/\/www.crec.cat\/wp-content\/uploads\/2026\/03\/Imatges-WEB-Agenda-300x213.png"},"large":{"width":1024,"height":726,"mime-type":"image\/png","filesize":300898,"url":"https:\/\/www.crec.cat\/wp-content\/uploads\/2026\/03\/Imatges-WEB-Agenda-1024x726.png"},"thumbnail":{"width":150,"height":150,"mime-type":"image\/png","filesize":16086,"url":"https:\/\/www.crec.cat\/wp-content\/uploads\/2026\/03\/Imatges-WEB-Agenda-150x150.png"},"medium_large":{"width":768,"height":545,"mime-type":"image\/png","filesize":185053,"url":"https:\/\/www.crec.cat\/wp-content\/uploads\/2026\/03\/Imatges-WEB-Agenda-768x545.png"},"1536x1536":{"width":1536,"height":1090,"mime-type":"image\/png","filesize":604443,"url":"https:\/\/www.crec.cat\/wp-content\/uploads\/2026\/03\/Imatges-WEB-Agenda-1536x1090.png"},"neve-blog":{"width":930,"height":620,"mime-type":"image\/png","filesize":244101,"url":"https:\/\/www.crec.cat\/wp-content\/uploads\/2026\/03\/Imatges-WEB-Agenda-930x620.png"},"cmplz_banner_image":{"width":350,"height":100,"mime-type":"image\/png","filesize":24949,"url":"https:\/\/www.crec.cat\/wp-content\/uploads\/2026\/03\/Imatges-WEB-Agenda-350x100.png"}}},"all_day":false,"start_date":"2026-05-19 10:45:00","start_date_details":{"year":"2026","month":"05","day":"19","hour":"10","minutes":"45","seconds":"00"},"end_date":"2026-05-19 15:30:00","end_date_details":{"year":"2026","month":"05","day":"19","hour":"15","minutes":"30","seconds":"00"},"utc_start_date":"2026-05-19 08:45:00","utc_start_date_details":{"year":"2026","month":"05","day":"19","hour":"08","minutes":"45","seconds":"00"},"utc_end_date":"2026-05-19 13:30:00","utc_end_date_details":{"year":"2026","month":"05","day":"19","hour":"13","minutes":"30","seconds":"00"},"timezone":"Europe\/Madrid","timezone_abbr":"CEST","cost":"","cost_details":{"currency_symbol":"\u20ac","currency_code":"","currency_position":"","values":[]},"website":"https:\/\/www.crec.cat\/es\/esdeveniment\/asamblea-ordinaria-del-crec-2026\/","show_map":true,"show_map_link":true,"hide_from_listings":false,"sticky":false,"featured":false,"categories":[],"tags":[],"venue":{"id":4408,"author":"2","status":"publish","date":"2025-04-08 11:44:02","date_utc":"2025-04-08 09:44:02","modified":"2025-05-20 11:35:11","modified_utc":"2025-05-20 09:35:11","url":"https:\/\/www.crec.cat\/recinto\/hub-dinnovacio-i-economia-circular\/","venue":"Barcelona Circular (BAC)","slug":"hub-dinnovacio-i-economia-circular","address":"Carrer de la Ciutat d\u2019Asunci\u00f3n, 16","city":"Barcelona","country":"Spain","province":"Barcelona","zip":"08030","stateprovince":"Barcelona","json_ld":{"@type":"Place","name":"Barcelona Circular (BAC)","description":"","url":"","address":{"@type":"PostalAddress","streetAddress":"Carrer de la Ciutat d\u2019Asunci\u00f3n, 16","addressLocality":"Barcelona","addressRegion":"Barcelona","postalCode":"08030","addressCountry":"Spain"},"telephone":"","sameAs":""},"show_map":true,"show_map_link":true,"global_id":"www.crec.cat\/es\/?id=4408","global_id_lineage":["www.crec.cat\/es\/?id=4408"]},"organizer":[{"id":4018,"author":"2","status":"publish","date":"2024-12-13 10:25:45","date_utc":"0000-00-00 00:00:00","modified":"2024-12-13 10:25:45","modified_utc":"0000-00-00 00:00:00","url":"https:\/\/www.crec.cat\/organizador\/crec-cluster-de-residus-de-catalunya\/","organizer":"CREC &#8211; Cl\u00faster de Residus de Catalunya","slug":"crec-cluster-de-residus-de-catalunya","json_ld":{"@type":"Person","name":"CREC &#8211; Cl\u00faster de Residus de Catalunya","description":"","url":"","telephone":"","email":"","sameAs":""},"global_id":"www.crec.cat\/es\/?id=4018","global_id_lineage":["www.crec.cat\/es\/?id=4018"]}],"custom_fields":[],"json_ld":{"@context":"http:\/\/schema.org","@type":"Event","name":"Asamblea Ordinaria del CREC 2026","description":"&lt;p&gt;El pr\u00f3ximo 19 de mayo de 2026 est\u00e1 convocada la Asamblea General Ordinaria del CREC, Cl\u00faster de Residuos de Catalu\u00f1a. \u00a1INSCRIPCIONES PR\u00d3XIMAMENTE!&lt;\/p&gt;\\n","image":"https:\/\/www.crec.cat\/wp-content\/uploads\/2026\/03\/Imatges-WEB-Agenda.png","url":"https:\/\/www.crec.cat\/es\/esdeveniment\/asamblea-ordinaria-del-crec-2026\/","eventAttendanceMode":"https:\/\/schema.org\/OfflineEventAttendanceMode","eventStatus":"https:\/\/schema.org\/EventScheduled","startDate":"2026-05-19T10:45:00+02:00","endDate":"2026-05-19T15:30:00+02:00","location":{"@type":"Place","name":"Barcelona Circular (BAC)","description":"","url":"","address":{"@type":"PostalAddress","streetAddress":"Carrer de la Ciutat d\u2019Asunci\u00f3n, 16","addressLocality":"Barcelona","addressRegion":"Barcelona","postalCode":"08030","addressCountry":"Spain"},"telephone":"","sameAs":""},"organizer":{"@type":"Person","name":"CREC &#8211; Cl\u00faster de Residus de Catalunya","description":"","url":"","telephone":"","email":"","sameAs":""},"performer":"Organization"}}