{"id":4565,"global_id":"www.crec.cat\/en\/?id=4565","global_id_lineage":["www.crec.cat\/en\/?id=4565"],"author":"2","status":"publish","date":"2025-04-07 16:31:24","date_utc":"2025-04-07 14:31:24","modified":"2025-05-15 18:06:17","modified_utc":"2025-05-15 16:06:17","url":"https:\/\/www.crec.cat\/en\/esdeveniment\/intercluster-day-circular-economy-of-polymeric-textile-materials\/","rest_url":"https:\/\/www.crec.cat\/en\/wp-json\/tribe\/events\/v1\/events\/4565","title":"INTERCLUSTER DAY | Circular economy of polymeric textile materials","description":"<div id=\"335\" class=\"event-in-title\" data-level=\"3\">\n<div class=\"content\">\n<p>El <strong>CREC<\/strong>, el <strong>Cl\u00faster MAV<\/strong>, el\u00a0<strong>Packaging Cluster<\/strong>,\u00a0<strong>T\u00e8xtils.CAT<\/strong>\u00a0i el\u00a0<strong>Sincrotr\u00f3 ALBA<\/strong>, amb el suport d\u2019<strong>ACCI\u00d3<\/strong>, l\u2019<strong>Ag\u00e8ncia de Residus de Catalunya<\/strong> (ARC)\u00a0i\u00a0<strong>ReMade@ARI<\/strong>, organitzem aquesta jornada intercl\u00faster centrada en l\u2019economia circular aplicada als <strong>materials\u00a0t\u00e8xtils polim\u00e8rics.<\/strong><\/p>\n<p>L\u2019esdeveniment t\u00e9 per objectiu impulsar la col\u00b7laboraci\u00f3 entre cl\u00fasters i agents del sector, promoure la innovaci\u00f3. la col\u00b7laboraci\u00f3 i explorar la circularitat dels materials t\u00e8xtils polim\u00e8rics. La jornada es dur\u00e0 a terme a les instal\u00b7lacions del Sincrotr\u00f3 ALBA, un entorn \u00fanic per a la recerca cient\u00edfica i la innovaci\u00f3 industrial.<\/p>\n<p><strong>Durant la jornada podreu:<\/strong><\/p>\n<ul>\n<li>Con\u00e8ixer casos d\u2019\u00e8xit i projectes col\u00b7laboratius destacats.<\/li>\n<li>Escoltar experts del sector en tem\u00e0tiques relacionades amb l\u2019economia circular i la recerca aplicada.<\/li>\n<li>Explorar noves solucions per a la gesti\u00f3 dels residus t\u00e8xtils polim\u00e8rics.<\/li>\n<li>Ampliar la vostra xarxa de contactes a trav\u00e9s del networking.<\/li>\n<li>Gaudir d\u2019una visita guiada exclusiva al Sincrotr\u00f3 ALBA.<\/li>\n<\/ul>\n<p><strong>Programa<\/strong><\/p>\n<ul>\n<li>09.30 h &#8211; Obertura i acreditacions<\/li>\n<li>10. 00 h &#8211; Benvinguda institucional<\/li>\n<li>10.15 h &#8211; Introducci\u00f3 a la jornada<\/li>\n<li>11.30 h &#8211; Pausa caf\u00e8<\/li>\n<li>12.00 h &#8211; Introducci\u00f3 a l\u2019Economia Circular dels t\u00e8xtils polim\u00e8rics i taula de debat amb casos d\u2019\u00e8xit<\/li>\n<li>13.30 h &#8211; Dinar de <em>networking<\/em><\/li>\n<li>15.00 h &#8211; Visita guiada al Sincrotr\u00f3 ALBA<\/li>\n<li>16.00 h &#8211;\u00a0Fi de la jornada<\/li>\n<\/ul>\n<p><strong>Informaci\u00f3\u00a0rellevant\u00a0<\/strong><\/p>\n<ul>\n<li>Esdeveniment \u00a0gratu\u00eft amb inscripci\u00f3 pr\u00e8via (exclusiu per a membres dels cl\u00fasters participants i convidats del Sincrotr\u00f3 ALBA).<\/li>\n<li>L\u2019idioma de la sessi\u00f3 ser\u00e0 el catal\u00e0.<\/li>\n<li>Aforament limitat: 100 persones<\/li>\n<li>Adre\u00e7a Sincrotr\u00f3 ALBA: carrer de la Llum 2-26, 08290 Cerdanyola del Vall\u00e8s. Consulta com arribar-hi\u00a0<a href=\"https:\/\/www.cells.es\/ca\/que-es-alba\/com-arribar-hi\" target=\"_blank\" rel=\"noopener\"><strong>aqu\u00ed<\/strong><\/a>.<\/li>\n<\/ul>\n<p>&nbsp;<\/p>\n<p><strong>Inscripcions\u00a0<\/strong><\/p>\n<p>Les\u00a0inscripcions\u00a0es\u00a0realitzen\u00a0a\u00a0trav\u00e9s\u00a0d&#8217;<strong><a href=\"https:\/\/forms.gle\/JQzbGex7Dn7a1Jut5\" target=\"_blank\" rel=\"noopener\">aquest\u00a0enlla\u00e7<\/a><\/strong>\u202f(inscripcions obertes fins assolir aforament).<\/p>\n<\/div>\n<\/div>","excerpt":"<p>Conference to learn about and explore circularity in polymeric textile materials.<\/p>","slug":"intercluster-day-circular-economy-of-polymeric-textile-materials","image":{"url":"https:\/\/www.crec.cat\/wp-content\/uploads\/2025\/04\/Cartell_Jornada_Sincrotro_20250311111751-1.jpeg","id":4369,"extension":"jpeg","width":1063,"height":684,"filesize":205209,"sizes":{"medium":{"width":300,"height":193,"mime-type":"image\/jpeg","filesize":17842,"url":"https:\/\/www.crec.cat\/wp-content\/uploads\/2025\/04\/Cartell_Jornada_Sincrotro_20250311111751-1-300x193.jpeg"},"large":{"width":1024,"height":659,"mime-type":"image\/jpeg","filesize":131683,"url":"https:\/\/www.crec.cat\/wp-content\/uploads\/2025\/04\/Cartell_Jornada_Sincrotro_20250311111751-1-1024x659.jpeg"},"thumbnail":{"width":150,"height":150,"mime-type":"image\/jpeg","filesize":7773,"url":"https:\/\/www.crec.cat\/wp-content\/uploads\/2025\/04\/Cartell_Jornada_Sincrotro_20250311111751-1-150x150.jpeg"},"medium_large":{"width":768,"height":494,"mime-type":"image\/jpeg","filesize":83644,"url":"https:\/\/www.crec.cat\/wp-content\/uploads\/2025\/04\/Cartell_Jornada_Sincrotro_20250311111751-1-768x494.jpeg"},"neve-blog":{"width":930,"height":620,"mime-type":"image\/jpeg","filesize":117192,"url":"https:\/\/www.crec.cat\/wp-content\/uploads\/2025\/04\/Cartell_Jornada_Sincrotro_20250311111751-1-930x620.jpeg"},"cmplz_banner_image":{"width":350,"height":100,"mime-type":"image\/jpeg","filesize":10833,"url":"https:\/\/www.crec.cat\/wp-content\/uploads\/2025\/04\/Cartell_Jornada_Sincrotro_20250311111751-1-350x100.jpeg"}}},"all_day":false,"start_date":"2025-05-15 10:00:00","start_date_details":{"year":"2025","month":"05","day":"15","hour":"10","minutes":"00","seconds":"00"},"end_date":"2025-05-15 16:00:00","end_date_details":{"year":"2025","month":"05","day":"15","hour":"16","minutes":"00","seconds":"00"},"utc_start_date":"2025-05-15 08:00:00","utc_start_date_details":{"year":"2025","month":"05","day":"15","hour":"08","minutes":"00","seconds":"00"},"utc_end_date":"2025-05-15 14:00:00","utc_end_date_details":{"year":"2025","month":"05","day":"15","hour":"14","minutes":"00","seconds":"00"},"timezone":"Europe\/Madrid","timezone_abbr":"CEST","cost":"","cost_details":{"currency_symbol":"\u20ac","currency_code":"","currency_position":"","values":[]},"website":"https:\/\/www.crec.cat\/en\/esdeveniment\/intercluster-day-circular-economy-of-polymeric-textile-materials\/","show_map":true,"show_map_link":true,"hide_from_listings":false,"sticky":false,"featured":false,"categories":[{"name":"Completed","slug":"completed","term_group":0,"term_taxonomy_id":42,"taxonomy":"tribe_events_cat","description":"","parent":0,"count":46,"filter":"raw","id":42,"urls":{"self":"https:\/\/www.crec.cat\/en\/wp-json\/tribe\/events\/v1\/categories\/42","collection":"https:\/\/www.crec.cat\/en\/wp-json\/tribe\/events\/v1\/categories"}},{"name":"Finalitzat","slug":"finalitzat","term_group":0,"term_taxonomy_id":28,"taxonomy":"tribe_events_cat","description":"","parent":0,"count":144,"filter":"raw","id":28,"urls":{"self":"https:\/\/www.crec.cat\/en\/wp-json\/tribe\/events\/v1\/categories\/28","collection":"https:\/\/www.crec.cat\/en\/wp-json\/tribe\/events\/v1\/categories"}}],"tags":[],"venue":{"id":4371,"author":"2","status":"publish","date":"2025-04-07 16:29:52","date_utc":"2025-04-07 14:29:52","modified":"2025-04-07 16:29:52","modified_utc":"2025-04-07 14:29:52","url":"https:\/\/www.crec.cat\/venue\/sincrotro-alba\/","venue":"Sincrotr\u00f3 ALBA","slug":"sincrotro-alba","address":"Carrer de la Llum 2-26","city":"Cerdanyola del Vall\u00e8s","country":"Spain","province":"Barcelona","zip":"08290","stateprovince":"Barcelona","json_ld":{"@type":"Place","name":"Sincrotr\u00f3 ALBA","description":"","url":"","address":{"@type":"PostalAddress","streetAddress":"Carrer de la Llum 2-26","addressLocality":"Cerdanyola del Vall\u00e8s","addressRegion":"Barcelona","postalCode":"08290","addressCountry":"Spain"},"telephone":"","sameAs":""},"show_map":true,"show_map_link":true,"global_id":"www.crec.cat\/en\/?id=4371","global_id_lineage":["www.crec.cat\/en\/?id=4371"]},"organizer":[],"custom_fields":[],"json_ld":{"@context":"http:\/\/schema.org","@type":"Event","name":"INTERCLUSTER DAY | Circular economy of polymeric textile materials","description":"&lt;p&gt;Conference to learn about and explore circularity in polymeric textile materials.&lt;\/p&gt;\\n","image":"https:\/\/www.crec.cat\/wp-content\/uploads\/2025\/04\/Cartell_Jornada_Sincrotro_20250311111751-1.jpeg","url":"https:\/\/www.crec.cat\/en\/esdeveniment\/intercluster-day-circular-economy-of-polymeric-textile-materials\/","eventAttendanceMode":"https:\/\/schema.org\/OfflineEventAttendanceMode","eventStatus":"https:\/\/schema.org\/EventScheduled","startDate":"2025-05-15T10:00:00+02:00","endDate":"2025-05-15T16:00:00+02:00","location":{"@type":"Place","name":"Sincrotr\u00f3 ALBA","description":"","url":"","address":{"@type":"PostalAddress","streetAddress":"Carrer de la Llum 2-26","addressLocality":"Cerdanyola del Vall\u00e8s","addressRegion":"Barcelona","postalCode":"08290","addressCountry":"Spain"},"telephone":"","sameAs":""},"performer":"Organization"}}